{"id":20184,"date":"2021-04-23T03:00:00","date_gmt":"2021-04-23T03:00:00","guid":{"rendered":"https:\/\/www.radiopresidenteibanez.cl\/web\/?p=20184"},"modified":"2021-04-22T18:52:38","modified_gmt":"2021-04-22T18:52:38","slug":"reponen-siete-cipreses-en-el-cementerio-municipal","status":"publish","type":"post","link":"https:\/\/www.radiopresidenteibanez.cl\/web\/reponen-siete-cipreses-en-el-cementerio-municipal\/","title":{"rendered":"REPONEN SIETE CIPRESES EN EL CEMENTERIO MUNICIPAL"},"content":{"rendered":"\n<p>Luego de las pericias judiciales correspondientes y el proceso de crecimiento necesario para su trasplante, esta jornada fueron repuestos los siete cipreses afectados por dos incendios ocurridos en enero y febrero del a\u00f1o 2018.<\/p>\n\n\n\n<p>Elena Blackwood, alcaldesa (s) lleg\u00f3 hasta el camposanto para presenciar el proceso y hacer un llamado al cuidado de este emblem\u00e1tico lugar de nuestra ciudad, considerado uno de los m\u00e1s lindos del mundo.<\/p>\n\n\n\n<p>\u201cHoy se ha concretado la reposici\u00f3n de los \u00e1rboles que hace un tiempo sufrieron un siniestro. Hemos logrado reponer &nbsp;siete cipreses que se encontraban quemados, as\u00ed que se est\u00e1n realizando las tareas de trasplante, asesorados por personal de \u00c1reas Verdes y tambi\u00e9n bajo el apoyo de Conaf\u201d, explic\u00f3 Blackwood.<\/p>\n\n\n\n<p>Asimismo record\u00f3 que actualmente, \u201ctenemos 632 cipreses en el Cementerio Municipal de Punta Arenas, pero se est\u00e1 elaborando un plan de trabajo, con el fin de ir reponiendo los \u00e1rboles m\u00e1s a\u00f1osos, generando una base de recambio acorde a las necesidades\u201d.<\/p>\n\n\n\n<p>Finalmente, la autoridad comunal agreg\u00f3 que para ello, en el vivero municipal permanecen en observaci\u00f3n diversas especies que deben tener un tama\u00f1o predeterminado previo a su trasplante, lo que se trabaja junto a la Corporaci\u00f3n Nacional Forestal de Magallanes.&nbsp;<\/p>\n","protected":false},"excerpt":{"rendered":"<p>Luego de las pericias judiciales correspondientes y el proceso de crecimiento necesario para su trasplante, esta jornada fueron repuestos los siete cipreses afectados por dos incendios ocurridos en enero y&#8230; <a class=\"read-more\" href=\"https:\/\/www.radiopresidenteibanez.cl\/web\/reponen-siete-cipreses-en-el-cementerio-municipal\/\">Leer m\u00e1s<\/a><\/p>\n","protected":false},"author":2,"featured_media":20185,"comment_status":"closed","ping_status":"closed","sticky":false,"template":"","format":"standard","meta":{"footnotes":""},"categories":[1],"tags":[],"class_list":["post-20184","post","type-post","status-publish","format-standard","has-post-thumbnail","hentry","category-cronica"],"_links":{"self":[{"href":"https:\/\/www.radiopresidenteibanez.cl\/web\/wp-json\/wp\/v2\/posts\/20184","targetHints":{"allow":["GET"]}}],"collection":[{"href":"https:\/\/www.radiopresidenteibanez.cl\/web\/wp-json\/wp\/v2\/posts"}],"about":[{"href":"https:\/\/www.radiopresidenteibanez.cl\/web\/wp-json\/wp\/v2\/types\/post"}],"author":[{"embeddable":true,"href":"https:\/\/www.radiopresidenteibanez.cl\/web\/wp-json\/wp\/v2\/users\/2"}],"replies":[{"embeddable":true,"href":"https:\/\/www.radiopresidenteibanez.cl\/web\/wp-json\/wp\/v2\/comments?post=20184"}],"version-history":[{"count":0,"href":"https:\/\/www.radiopresidenteibanez.cl\/web\/wp-json\/wp\/v2\/posts\/20184\/revisions"}],"wp:featuredmedia":[{"embeddable":true,"href":"https:\/\/www.radiopresidenteibanez.cl\/web\/wp-json\/wp\/v2\/media\/20185"}],"wp:attachment":[{"href":"https:\/\/www.radiopresidenteibanez.cl\/web\/wp-json\/wp\/v2\/media?parent=20184"}],"wp:term":[{"taxonomy":"category","embeddable":true,"href":"https:\/\/www.radiopresidenteibanez.cl\/web\/wp-json\/wp\/v2\/categories?post=20184"},{"taxonomy":"post_tag","embeddable":true,"href":"https:\/\/www.radiopresidenteibanez.cl\/web\/wp-json\/wp\/v2\/tags?post=20184"}],"curies":[{"name":"wp","href":"https:\/\/api.w.org\/{rel}","templated":true}]}}