{"id":2018,"date":"2019-03-08T14:38:57","date_gmt":"2019-03-08T14:38:57","guid":{"rendered":"http:\/\/www.radiopresidenteibanez.cl\/web\/?p=2018"},"modified":"2019-03-08T14:39:15","modified_gmt":"2019-03-08T14:39:15","slug":"columna-juan-morano-en-conmemoracion-al-dia-internacional-de-la-mujer","status":"publish","type":"post","link":"https:\/\/www.radiopresidenteibanez.cl\/web\/columna-juan-morano-en-conmemoracion-al-dia-internacional-de-la-mujer\/","title":{"rendered":"COLUMNA JUAN MORANO EN CONMEMORACI\u00d3N AL D\u00cdA INTERNACIONAL DE LA MUJER"},"content":{"rendered":"\n<p>Es imposible no comentar al\nmenos sobre dos temas el primero,&nbsp; los\nmedidores de luz y el m\u00e1s relevante, la Conmemoraci\u00f3n del d\u00eda de la Mujer.<\/p>\n\n\n\n<p>Sobre medidores, demasiado\nse ha dicho y poco se ha escuchado. Lo aprobado como norma legal, a partir de\nuna propuesta parlamentaria transversal desde la izquierda a la derecha,\nmotivado por el terremoto que afect\u00f3 la zona central norte del pa\u00eds, para\nreponer r\u00e1pidamente y sin costo directo a los afectados el servicio el\u00e9ctrico, no\nafectar\u00e1 sensiblemente la situaci\u00f3n ya existente en cuanto al pago del consumo\nel\u00e9ctrico y de su distribuci\u00f3n, a los que ya pagan arriendo, seguramente les\nbajar\u00e1 lo que pagaban, por efecto de la econom\u00eda de escala, y al incorporase\ncomo parte de la infraestructura necesaria para que la empresa preste su\nservicio, las alzas anunciadas para el sistema interconectado central, no para\nMagallanes, cercanas al 11% no son por efecto del medidor, si no lisa y\nllanamente porque subi\u00f3 la luz, por aumento precio KW en las licitaciones y el alza\ndel d\u00f3lar. <\/p>\n\n\n\n<p>Nosotros en Magallanes tenemos\notra tarifa, la Autoridad de Energ\u00eda regional o la Superintendencia debieran\nindicar cu\u00e1les son las perspectivas para la regi\u00f3n en la nueva tarifa, si es\nque la habr\u00e1, ya que lo dicho respecto al alza no es m\u00e1s que suposiciones. Para\nlos que se preguntan, a que hice, &nbsp;en la\nprimera votaci\u00f3n no aprob\u00e9 el proyecto y respald\u00e9 lo obrado se\u00f1alando que me\nparec\u00ed a necesario compensar&nbsp; a los\nactuales propietarios de medidores y que se dieran garant\u00edas respecto a los\ncostos futuros, en la segunda votaci\u00f3n, dado que se se\u00f1al\u00f3 que habr\u00eda un\nreglamento y que la autoridad del sector velar\u00eda por que los equipos fuesen de\nla mejor alternativa t\u00e9cnica y econ\u00f3mica sume mi voto a los otros 90. Creo que\nse debe esperar como se aplica la ley en Magallanes, si no se cumplen las\nexpectativas deberemos movilizarnos tal como por la pretendida alza del Gas,\nnada indica que deba subir por este concepto la cuenta de la luz, las econom\u00edas\nasociadas a la puesta en marcha de un nuevo sistema m\u00e1s moderno y con\ntecnolog\u00edas de punta, debieran acarrear rebajas en las cuentas. Ya que cuando est\u00e9\nvigente la nueva tarifa debieran desaparecer los costos del arriendo, de corte\ny reposici\u00f3n, las gastos asociados a la medici\u00f3n dado la forma m\u00e1s racional de\ndistribuir, medir y controlar.<\/p>\n\n\n\n<p>Mientras\nescribo esta columna en Magallanes y en el pa\u00eds, se est\u00e1 conmemorando el d\u00eda de\nla Mujer, por cierto este a\u00f1o con mucho m\u00e1s dinamismo y actividades que otros,\ndej\u00f3 y para siempre de ser un acto oficial, hoy la sociedad, las ciudadanas\nesencialmente se han empoderado de su d\u00eda y deciden que hacer y c\u00f3mo hacerlo.<\/p>\n\n\n\n<p>La\nigualdad derechos y oportunidades deben ser ahora, necesitamos leyes que\nimpulsen aquello, urge cambiar la ley de cuota de g\u00e9nero para elecciones y en\nvez de cupos para candidaturas se debe pasar a cupos para cargos, no importando\nsu lugar en el escrutinio, siempre se elegir\u00edan al menos 40% de mujeres. Por\nqu\u00e9, si el estado se\u00f1ala querer la equidad de salarios, no crea, por ley un incentivo\ntributario a las empresas que entreguen la equidad salarial, a igual rol igual\nsalario, a igual capacidad igualdad de oportunidades y trato. <\/p>\n\n\n\n<p>Hoy\nes un d\u00eda especial, espero el amanecer de un nuevo Chile, con m\u00e1s dignidad y\nequidad inter g\u00e9neros. No es &nbsp;ni ser\u00e1 un regalo\no una d\u00e1diva es y ser\u00e1 una conquista, un derecho logrado por la mujeres\nmovilizadas.<\/p>\n","protected":false},"excerpt":{"rendered":"<p>Es imposible no comentar al menos sobre dos temas el primero,&nbsp; los medidores de luz y el m\u00e1s relevante, la Conmemoraci\u00f3n del d\u00eda de la Mujer. Sobre medidores, demasiado se&#8230; <a class=\"read-more\" href=\"https:\/\/www.radiopresidenteibanez.cl\/web\/columna-juan-morano-en-conmemoracion-al-dia-internacional-de-la-mujer\/\">Leer m\u00e1s<\/a><\/p>\n","protected":false},"author":2,"featured_media":1768,"comment_status":"closed","ping_status":"closed","sticky":false,"template":"","format":"standard","meta":{"footnotes":""},"categories":[1],"tags":[],"class_list":["post-2018","post","type-post","status-publish","format-standard","has-post-thumbnail","hentry","category-cronica"],"_links":{"self":[{"href":"https:\/\/www.radiopresidenteibanez.cl\/web\/wp-json\/wp\/v2\/posts\/2018","targetHints":{"allow":["GET"]}}],"collection":[{"href":"https:\/\/www.radiopresidenteibanez.cl\/web\/wp-json\/wp\/v2\/posts"}],"about":[{"href":"https:\/\/www.radiopresidenteibanez.cl\/web\/wp-json\/wp\/v2\/types\/post"}],"author":[{"embeddable":true,"href":"https:\/\/www.radiopresidenteibanez.cl\/web\/wp-json\/wp\/v2\/users\/2"}],"replies":[{"embeddable":true,"href":"https:\/\/www.radiopresidenteibanez.cl\/web\/wp-json\/wp\/v2\/comments?post=2018"}],"version-history":[{"count":0,"href":"https:\/\/www.radiopresidenteibanez.cl\/web\/wp-json\/wp\/v2\/posts\/2018\/revisions"}],"wp:featuredmedia":[{"embeddable":true,"href":"https:\/\/www.radiopresidenteibanez.cl\/web\/wp-json\/wp\/v2\/media\/1768"}],"wp:attachment":[{"href":"https:\/\/www.radiopresidenteibanez.cl\/web\/wp-json\/wp\/v2\/media?parent=2018"}],"wp:term":[{"taxonomy":"category","embeddable":true,"href":"https:\/\/www.radiopresidenteibanez.cl\/web\/wp-json\/wp\/v2\/categories?post=2018"},{"taxonomy":"post_tag","embeddable":true,"href":"https:\/\/www.radiopresidenteibanez.cl\/web\/wp-json\/wp\/v2\/tags?post=2018"}],"curies":[{"name":"wp","href":"https:\/\/api.w.org\/{rel}","templated":true}]}}