{"id":20128,"date":"2021-04-21T02:00:00","date_gmt":"2021-04-21T02:00:00","guid":{"rendered":"https:\/\/www.radiopresidenteibanez.cl\/web\/?p=20128"},"modified":"2021-04-20T15:03:32","modified_gmt":"2021-04-20T15:03:32","slug":"intendenta-rojas-reafirma-el-interes-del-gobierno-regional-en-realizar-una-accion-eficaz-en-el-control-del-castor","status":"publish","type":"post","link":"https:\/\/www.radiopresidenteibanez.cl\/web\/intendenta-rojas-reafirma-el-interes-del-gobierno-regional-en-realizar-una-accion-eficaz-en-el-control-del-castor\/","title":{"rendered":"INTENDENTA ROJAS REAFIRMA EL INTER\u00c9S DEL GOBIERNO REGIONAL EN REALIZAR UNA ACCI\u00d3N EFICAZ EN EL CONTROL DEL CASTOR"},"content":{"rendered":"\n<p>Un a\u00f1o crucial es el que enfrenta el proyecto GEF\nCastor, iniciativa establecida en 2017 con el objetivo de generar una\nestrategia que permita al pa\u00eds hacerse cargo de los impactos que esta especie\nex\u00f3tica invasora provoca sobre los delicados y valiosos ecosistemas de la\nPatagonia. <\/p>\n\n\n\n<p>Durante la jornada del d\u00eda lunes, el seremi del Medio\nAmbiente, Carlos Olave, y el equipo t\u00e9cnico del proyecto GEF Castor,\npresentaron a la intendenta regional, Jenniffer Rojas, los avances alcanzados y\ndesaf\u00edos que la regi\u00f3n enfrenta respecto a la invasi\u00f3n del castor. &nbsp;<\/p>\n\n\n\n<p>\u201cEl castor se ha transformado en la principal amenaza\nde los ecosistemas de la Patagonia, impactando el patrimonio ambiental de\nnuestro pa\u00eds, y causando impactos valorados en m\u00e1s de 73 millones de d\u00f3lares,\nen siete d\u00e9cadas de presencia en nuestra regi\u00f3n, los que podr\u00edan ascender a 260\nmillones de d\u00f3lares, en los pr\u00f3ximos 20 a\u00f1os, si no se controla el avance de\nesta amenaza\u201d, explic\u00f3 Carlos Olave.<\/p>\n\n\n\n<p>\u201cComo gobierno regional, valoramos el s\u00f3lido trabajo\nque este proyecto est\u00e1 desarrollando para generar una estrategia de gesti\u00f3n de\nesta especie, que se sustente en un conocimiento sistematizado y herramientas potentes\u201d,\nexpres\u00f3 la intendenta Jenniffer Rojas, quien resalt\u00f3 que las especies ex\u00f3ticas\ninvasoras deben ser una aspecto a considerar en el marco de la elaboraci\u00f3n de\nla Estrategia Regional de Desarrollo 2021-2030, pues constituyen una de las\nmayores amenazas al patrimonio natural de la regi\u00f3n y de la Patagonia en su\nconjunto.<\/p>\n\n\n\n<p>Presente en la Patagonia desde 1946, cuando fue\nintroducido intencionalmente en la porci\u00f3n argentina del Lago Fagnano con el\nfin de crear una industria peletera, el castor se ha expandido hasta impactar\nm\u00e1s de 27 mil hect\u00e1reas, equivalentes a siete veces la superficie de Punta\nArenas. &nbsp;A 70 a\u00f1os de este suceso, se\nestima que la abundancia de castores en el archipi\u00e9lago fueguino oscila entre\n65.000 y 110.000 individuos. <\/p>\n\n\n\n<p>Proteger los ecosistemas australes de la acci\u00f3n del\ncastor tiene un impacto local, pero tambi\u00e9n global, por el rol que tienen en la\nmitigaci\u00f3n del cambio clim\u00e1tico. El 95% de las zonas de turbales con que cuenta\nChile se encuentra en la regi\u00f3n de Magallanes, cubriendo 3,1 millones de\nhect\u00e1reas y almacenando 4,7 veces m\u00e1s carbono que toda la biomasa forestal en\nChile. <\/p>\n\n\n\n<p>\u201cEl impacto causado por esta especie en los\necosistemas de la Patagonia es enorme, pero si no hacemos nada, podr\u00edamos\nlamentar el no haber protegido parajes tan valiosos como los que alberga el\nparque Nacional Torres del Paine y otros ecosistemas \u00fanicos en el mundo como el\nbosque lluvioso de Valdivia\u201d, explica Felipe Guerra, coordinador nacional del\nproyecto GEF Castor. <\/p>\n\n\n\n<p>En estos cuatro a\u00f1os de ejecuci\u00f3n, el proyecto ha\ndesarrollado una serie de acciones, cuyos resultados y aprendizajes est\u00e1n\nsiendo ahora volcados en la elaboraci\u00f3n de un Plan Estrat\u00e9gico de Gesti\u00f3n del\nCastor, el cual busca dotar al Estado de las herramientas necesarias para\ndesarrollar un trabajo sistematizado y eficaz en el control de la invasi\u00f3n, asumiendo\neste desaf\u00edo, para darle continuidad a la labor desarrollada por este proyecto\nuna vez que finalice. <\/p>\n\n\n\n<p>Adem\u00e1s, se elabor\u00f3 la plataforma Sistema de\nInformaci\u00f3n y Alerta Temprana, potente herramienta tecnol\u00f3gica que centralizar\u00e1\ntoda la informaci\u00f3n sobre la especie, monitoreando la expansi\u00f3n de la invasi\u00f3n\nmediante aplicaciones para la participaci\u00f3n ciudadana, de forma satelital y\nmediante modelos predictivos para contener la dispersi\u00f3n de la especie. <\/p>\n\n\n\n<p>Esta iniciativa, que cuenta con financiamiento del\nFondo Mundial del Medio Ambiente (GEF por sus siglas en ingl\u00e9s) es implementada\npor la Organizaci\u00f3n de las Naciones Unidas para la Agricultura y la\nAlimentaci\u00f3n (FAO), y ejecutada por el Ministerio del Medio Ambiente, a trav\u00e9s\nde su secretar\u00eda regional en Magallanes. <\/p>\n","protected":false},"excerpt":{"rendered":"<p>Un a\u00f1o crucial es el que enfrenta el proyecto GEF Castor, iniciativa establecida en 2017 con el objetivo de generar una estrategia que permita al pa\u00eds hacerse cargo de los&#8230; <a class=\"read-more\" href=\"https:\/\/www.radiopresidenteibanez.cl\/web\/intendenta-rojas-reafirma-el-interes-del-gobierno-regional-en-realizar-una-accion-eficaz-en-el-control-del-castor\/\">Leer m\u00e1s<\/a><\/p>\n","protected":false},"author":2,"featured_media":20129,"comment_status":"closed","ping_status":"closed","sticky":false,"template":"","format":"standard","meta":{"footnotes":""},"categories":[1],"tags":[],"class_list":["post-20128","post","type-post","status-publish","format-standard","has-post-thumbnail","hentry","category-cronica"],"_links":{"self":[{"href":"https:\/\/www.radiopresidenteibanez.cl\/web\/wp-json\/wp\/v2\/posts\/20128","targetHints":{"allow":["GET"]}}],"collection":[{"href":"https:\/\/www.radiopresidenteibanez.cl\/web\/wp-json\/wp\/v2\/posts"}],"about":[{"href":"https:\/\/www.radiopresidenteibanez.cl\/web\/wp-json\/wp\/v2\/types\/post"}],"author":[{"embeddable":true,"href":"https:\/\/www.radiopresidenteibanez.cl\/web\/wp-json\/wp\/v2\/users\/2"}],"replies":[{"embeddable":true,"href":"https:\/\/www.radiopresidenteibanez.cl\/web\/wp-json\/wp\/v2\/comments?post=20128"}],"version-history":[{"count":0,"href":"https:\/\/www.radiopresidenteibanez.cl\/web\/wp-json\/wp\/v2\/posts\/20128\/revisions"}],"wp:featuredmedia":[{"embeddable":true,"href":"https:\/\/www.radiopresidenteibanez.cl\/web\/wp-json\/wp\/v2\/media\/20129"}],"wp:attachment":[{"href":"https:\/\/www.radiopresidenteibanez.cl\/web\/wp-json\/wp\/v2\/media?parent=20128"}],"wp:term":[{"taxonomy":"category","embeddable":true,"href":"https:\/\/www.radiopresidenteibanez.cl\/web\/wp-json\/wp\/v2\/categories?post=20128"},{"taxonomy":"post_tag","embeddable":true,"href":"https:\/\/www.radiopresidenteibanez.cl\/web\/wp-json\/wp\/v2\/tags?post=20128"}],"curies":[{"name":"wp","href":"https:\/\/api.w.org\/{rel}","templated":true}]}}