{"id":20125,"date":"2021-04-20T14:58:51","date_gmt":"2021-04-20T14:58:51","guid":{"rendered":"https:\/\/www.radiopresidenteibanez.cl\/web\/?p=20125"},"modified":"2021-04-20T14:58:56","modified_gmt":"2021-04-20T14:58:56","slug":"colegio-de-contadores-se-reunio-con-la-diputada-sandra-amar","status":"publish","type":"post","link":"https:\/\/www.radiopresidenteibanez.cl\/web\/colegio-de-contadores-se-reunio-con-la-diputada-sandra-amar\/","title":{"rendered":"COLEGIO DE CONTADORES SE REUNI\u00d3 CON LA DIPUTADA SANDRA AMAR"},"content":{"rendered":"\n<p>El d\u00eda\nviernes 16 de abril del 2021 se sostuvo una reuni\u00f3n con la Honorable Diputada\nSandra Amar Mancilla, a solicitud del Consejo Regional de Magallanes del\nColegio de Contadores de Chile A.G.<\/p>\n\n\n\n<p>El tema a\ntratar fue la Solicitud de <strong>Aplazamiento de la Operaci\u00f3n Renta del a\u00f1o 2021<\/strong>,\nel cual ha sido solicitado a nivel nacional por nuestra asociaci\u00f3n, con el\nrespaldo de asociaciones gremiales de PYMES, como CONAPYME (Confederaci\u00f3n\nNacional de la Micro, Peque\u00f1a y Mediana Empresa), CONFEDECH Confederaci\u00f3n Comercio\nDetallista y Turismo de Chile y la Multigremial Nacional de PYMES.<\/p>\n\n\n\n<p>Para las\nPYMES y los Contadores las problem\u00e1ticas se centra en 1. La Implementaci\u00f3n de\ntres nuevos sistemas tributarios, 2. La dificultad de trabajar en Pandemia, en\nespecial en las regiones en Fase 1, en donde Magallanes solidariza con los\ncolegas del pa\u00eds en esa situaci\u00f3n, por tener la traum\u00e1tica experiencia de la\noperaci\u00f3n renta pasada, 3. las dificultades presentadas por la p\u00e1gina web, y 4.\nla demora por parte del SII en la entrega de las instrucciones, o instrucciones\nincompletas, para la implementaci\u00f3n de estos tres nuevos reg\u00edmenes tributarios.\n<\/p>\n\n\n\n<p>Se plante\u00f3\nadem\u00e1s que esto no entorpece las devoluciones de la gran mayor\u00eda de los\ncontribuyentes ya que quienes han tenido honorarios o sueldos y que recuperan\nalg\u00fan beneficio, ya tiene su declaraci\u00f3n de renta lista, porque los contadores\nya entregamos la informaci\u00f3n en marzo al SII.<\/p>\n\n\n\n<p>En el caso de\nlas Pymes el Estado puede devolver los PPM (Pagos Provisionales mensuales) sin\nla necesidad de presentar el Formulario de Renta, porque la mayor\u00eda est\u00e1 con\np\u00e9rdidas tributarias o exentos de impuesto, por el bajo nivel de ingresos del\na\u00f1o 2020. &nbsp;<strong>Y si diese a pagar\nposteriormente<\/strong>, al no tener ingreso las PYMES en estos momentos o han sido\npaup\u00e9rrimos, <strong>las Asociaciones de PYMES solicitan pagarlo en 12 cuotas sin\nintereses y multas<\/strong>. <\/p>\n\n\n\n<p>La Diputada\nSandra Amar Mancilla, escucho amablemente nuestras inquietudes,\ncomprometi\u00e9ndose a elevar nuestro planteamiento a nivel central, al Ministerio\nde Hacienda, y cumplimos seriamente con entregarle toda la informaci\u00f3n\nnecesaria para poder discutir el tema.<\/p>\n\n\n\n<p>En\nrepresentaci\u00f3n de los 104 colegas colegiados de Magallanes, agradecemos\nsinceramente a la Honorable Diputada Sandra Amar por escuchar nuestras\ninquietudes, y por las futuras gestiones que realice, en beneficio\nprincipalmente de las PYMES.<\/p>\n\n\n\n<p>Adolfo Juan Canales Guentelic\u00e1n\n\nPresidente del Consejo Regional de Magallanes,\ndel Colegio de Contadores de Chile A.G.\n\n\n\n<\/p>\n","protected":false},"excerpt":{"rendered":"<p>El d\u00eda viernes 16 de abril del 2021 se sostuvo una reuni\u00f3n con la Honorable Diputada Sandra Amar Mancilla, a solicitud del Consejo Regional de Magallanes del Colegio de Contadores&#8230; <a class=\"read-more\" href=\"https:\/\/www.radiopresidenteibanez.cl\/web\/colegio-de-contadores-se-reunio-con-la-diputada-sandra-amar\/\">Leer m\u00e1s<\/a><\/p>\n","protected":false},"author":2,"featured_media":20126,"comment_status":"closed","ping_status":"closed","sticky":false,"template":"","format":"standard","meta":{"footnotes":""},"categories":[1],"tags":[],"class_list":["post-20125","post","type-post","status-publish","format-standard","has-post-thumbnail","hentry","category-cronica"],"_links":{"self":[{"href":"https:\/\/www.radiopresidenteibanez.cl\/web\/wp-json\/wp\/v2\/posts\/20125","targetHints":{"allow":["GET"]}}],"collection":[{"href":"https:\/\/www.radiopresidenteibanez.cl\/web\/wp-json\/wp\/v2\/posts"}],"about":[{"href":"https:\/\/www.radiopresidenteibanez.cl\/web\/wp-json\/wp\/v2\/types\/post"}],"author":[{"embeddable":true,"href":"https:\/\/www.radiopresidenteibanez.cl\/web\/wp-json\/wp\/v2\/users\/2"}],"replies":[{"embeddable":true,"href":"https:\/\/www.radiopresidenteibanez.cl\/web\/wp-json\/wp\/v2\/comments?post=20125"}],"version-history":[{"count":0,"href":"https:\/\/www.radiopresidenteibanez.cl\/web\/wp-json\/wp\/v2\/posts\/20125\/revisions"}],"wp:featuredmedia":[{"embeddable":true,"href":"https:\/\/www.radiopresidenteibanez.cl\/web\/wp-json\/wp\/v2\/media\/20126"}],"wp:attachment":[{"href":"https:\/\/www.radiopresidenteibanez.cl\/web\/wp-json\/wp\/v2\/media?parent=20125"}],"wp:term":[{"taxonomy":"category","embeddable":true,"href":"https:\/\/www.radiopresidenteibanez.cl\/web\/wp-json\/wp\/v2\/categories?post=20125"},{"taxonomy":"post_tag","embeddable":true,"href":"https:\/\/www.radiopresidenteibanez.cl\/web\/wp-json\/wp\/v2\/tags?post=20125"}],"curies":[{"name":"wp","href":"https:\/\/api.w.org\/{rel}","templated":true}]}}