{"id":20122,"date":"2021-04-20T03:30:00","date_gmt":"2021-04-20T03:30:00","guid":{"rendered":"https:\/\/www.radiopresidenteibanez.cl\/web\/?p=20122"},"modified":"2021-04-19T22:15:30","modified_gmt":"2021-04-19T22:15:30","slug":"senador-bianchi-anuncio-tramitacion-prioritaria-y-expedita-para-el-tercer-retiro-del-10","status":"publish","type":"post","link":"https:\/\/www.radiopresidenteibanez.cl\/web\/senador-bianchi-anuncio-tramitacion-prioritaria-y-expedita-para-el-tercer-retiro-del-10\/","title":{"rendered":"SENADOR BIANCHI ANUNCI\u00d3 TRAMITACI\u00d3N PRIORITARIA Y EXPEDITA PARA EL TERCER RETIRO DEL 10%"},"content":{"rendered":"\n<p>Una activa participaci\u00f3n a tenido\nel senador de Magallanes, Carlos Bianchi, en el tr\u00e1mite que cumple el proyecto\nde ley que permite un tercer retiro desde los fondos de pensiones y rentas\nvitalicias que se discute en el senado.<\/p>\n\n\n\n<p>Esta ma\u00f1ana el proyecto super\u00f3 su\ntramit\u00e9 en la Comisi\u00f3n de Constituci\u00f3n de la C\u00e1mara Alta, ocasi\u00f3n en que el\nlegislador magall\u00e1nico anunci\u00f3 una indicaci\u00f3n tendiente a lograr una mayor\u00eda\nconstitucional para permitir la aprobaci\u00f3n del proyecto y que el mismo pueda\nquedar aprobado esta semana en el Senado.<\/p>\n\n\n\n<p><em>\u201cA m\u00e1s tardar el\njueves esperamos tener aprobado el proyecto de tercer retiro, para eso logramos\nque la Comisi\u00f3n de Constituci\u00f3n del senado lo aprobara en general y ma\u00f1ana\npodamos verlo en la sala y dar paso a la discusi\u00f3n en particular durante el\nmi\u00e9rcoles para el jueves poder despacharlo desde el Senado.\u201d<\/em> Inform\u00f3 el\nsenador Bianchi.<\/p>\n\n\n\n<p>El Parlamentario, en la ocasi\u00f3n se\nrefiri\u00f3 al anuncio del Presidente Pi\u00f1era en torno a aumentar la cobertura del\nIFE, al 80% de quienes cuentan con registro Social de Hogares: <em>\u201cComo buen\nespeculador como se le conoce a Pi\u00f1era, ha llevado esto hasta el l\u00edmite\u2026 En una\ncadena nacional ha anunciado un nuevo IFE de $ 100.000 por persona hasta 4 en\nun grupo familiar y sin todas las trabas que se les ha puesto a todos los otros\nbonos, con qu\u00e9 prop\u00f3sito, con el \u00fanico prop\u00f3sito de respaldar a las AFP\u00b4s que\nno saquen el tercer retiro las personas que necesitan, pero este bono IFE no va\nha llegar nuevamente a la clase media.\u201d<\/em><\/p>\n\n\n\n<p>Bianchi agreg\u00f3 que <em>\u201cEntonces es\ncomo que (Pi\u00f1era) saliera a disparar y creer que con un tiro va a matar a dos\np\u00e1jaros \u2013 trat\u00f3 de tapar el gran caos, la crisis que gener\u00f3 con su bono clase\nmedia donde la gran mayor\u00eda qued\u00f3 fuera y por el otro lado trata, en el fondo,\nde impedir que se haga el tercer retiro de las AFP\u00b4s\u201d<\/em> <\/p>\n\n\n\n<p>El senador de Magallanes puntualiz\u00f3\nque <em>\u201cEstamos viendo a un Presidente que especula con el sufrimiento de las\npersonas, de su pueblo de las chilenas y chilenos, eso es del todo inaceptable,\npor eso vamos a pedir que este proyecto r\u00e1pidamente se tramite en la sala del\nSenado\u2026 se har\u00e1n las indicaciones y lograr que pueda superar la valla del\ntribunal constitucional que es el bot\u00f3n de p\u00e1nico de Pi\u00f1era para evitar retiros\nde las AFP\u00b4s.\u201d <\/em>Concluy\u00f3 <\/p>\n","protected":false},"excerpt":{"rendered":"<p>Una activa participaci\u00f3n a tenido el senador de Magallanes, Carlos Bianchi, en el tr\u00e1mite que cumple el proyecto de ley que permite un tercer retiro desde los fondos de pensiones&#8230; <a class=\"read-more\" href=\"https:\/\/www.radiopresidenteibanez.cl\/web\/senador-bianchi-anuncio-tramitacion-prioritaria-y-expedita-para-el-tercer-retiro-del-10\/\">Leer m\u00e1s<\/a><\/p>\n","protected":false},"author":2,"featured_media":14508,"comment_status":"closed","ping_status":"closed","sticky":false,"template":"","format":"standard","meta":{"footnotes":""},"categories":[1],"tags":[],"class_list":["post-20122","post","type-post","status-publish","format-standard","has-post-thumbnail","hentry","category-cronica"],"_links":{"self":[{"href":"https:\/\/www.radiopresidenteibanez.cl\/web\/wp-json\/wp\/v2\/posts\/20122","targetHints":{"allow":["GET"]}}],"collection":[{"href":"https:\/\/www.radiopresidenteibanez.cl\/web\/wp-json\/wp\/v2\/posts"}],"about":[{"href":"https:\/\/www.radiopresidenteibanez.cl\/web\/wp-json\/wp\/v2\/types\/post"}],"author":[{"embeddable":true,"href":"https:\/\/www.radiopresidenteibanez.cl\/web\/wp-json\/wp\/v2\/users\/2"}],"replies":[{"embeddable":true,"href":"https:\/\/www.radiopresidenteibanez.cl\/web\/wp-json\/wp\/v2\/comments?post=20122"}],"version-history":[{"count":0,"href":"https:\/\/www.radiopresidenteibanez.cl\/web\/wp-json\/wp\/v2\/posts\/20122\/revisions"}],"wp:featuredmedia":[{"embeddable":true,"href":"https:\/\/www.radiopresidenteibanez.cl\/web\/wp-json\/wp\/v2\/media\/14508"}],"wp:attachment":[{"href":"https:\/\/www.radiopresidenteibanez.cl\/web\/wp-json\/wp\/v2\/media?parent=20122"}],"wp:term":[{"taxonomy":"category","embeddable":true,"href":"https:\/\/www.radiopresidenteibanez.cl\/web\/wp-json\/wp\/v2\/categories?post=20122"},{"taxonomy":"post_tag","embeddable":true,"href":"https:\/\/www.radiopresidenteibanez.cl\/web\/wp-json\/wp\/v2\/tags?post=20122"}],"curies":[{"name":"wp","href":"https:\/\/api.w.org\/{rel}","templated":true}]}}