{"id":2012,"date":"2019-03-08T00:20:39","date_gmt":"2019-03-08T00:20:39","guid":{"rendered":"http:\/\/www.radiopresidenteibanez.cl\/web\/?p=2012"},"modified":"2019-03-08T00:21:12","modified_gmt":"2019-03-08T00:21:12","slug":"gobernadora-s-victoria-cortes-anuncia-acto-provincial-para-el-dia-internacional-de-la-mujer","status":"publish","type":"post","link":"https:\/\/www.radiopresidenteibanez.cl\/web\/gobernadora-s-victoria-cortes-anuncia-acto-provincial-para-el-dia-internacional-de-la-mujer\/","title":{"rendered":"GOBERNADORA (S) VICTORIA CORT\u00c9S ANUNCIA ACTO PROVINCIAL PARA EL D\u00cdA INTERNACIONAL DE LA MUJER"},"content":{"rendered":"\n<p>Con\nel sentido de relevar el rol de las mujeres en la historia de nuestra sociedad\ny aportar a la equidad de g\u00e9nero y a la difusi\u00f3n del programa de Gobierno sobre\nmaterias que refuerzan la igualdad social, este viernes 08 de marzo se\ndesarrollar\u00e1 una actividad de conmemoraci\u00f3n del D\u00eda Internacional de la Mujer,\norganizado por la Gobernaci\u00f3n Provincial de Magallanes, con la colaboraci\u00f3n de\nIntendencia regional, Municipalidad y una serie de Servicios comprometidos.<\/p>\n\n\n\n<p>As\u00ed\nlo dio a conocer la Gobernadora (s) Victoria Cort\u00e9s, quien se\u00f1al\u00f3 que esta\nactividad, tiene por sentido \u201creflejar la importancia de en la agenda\npresidencial, trabajar, por la equidad, hacia un sistema m\u00e1s inclusivo, al respeto\ndel Derecho de las mujeres, a entender la igualdad de derechos entre mujeres y\nhombres,&nbsp; y yo adem\u00e1s como Seremi del\nTrabajo siempre estoy apelando a una mayor participaci\u00f3n en el mundo laboral de\nlas mujeres, de forma tal que todas estas ideas de igualdad de g\u00e9nero, se\nmaterialicen en oportunidades para mujeres y hombres\u201d.<\/p>\n\n\n\n<p>La\njornada contempla un programa que comenzar\u00e1 a las 9:00hrs y se extender\u00e1 hasta\nlas 13:00 horas, con la instalaci\u00f3n de la plaza ciudadana Gobierno en Terreno,\ncon stands de servicios p\u00fablicos que cuentan con programas espec\u00edficos para\nmujeres y la equidad de g\u00e9nero. Dentro de las novedades que presenta este\nGobierno en Terreno, est\u00e1 el taller de Defensa Personal, que impartir\u00e1 Genaro\nCarrasco, donde ense\u00f1ar\u00e1 t\u00e9cnicas de protecci\u00f3n y auto protecci\u00f3n; diferencia\nentre fuerza y t\u00e9cnica, control de cuerpo y movimientos, t\u00e9cnicas de piso,\npuntos vitales e intimidaci\u00f3n y agarre.<\/p>\n\n\n\n<p>Igualmente,\nla gobernadora (s), agreg\u00f3 que \u201ccomo gobernaci\u00f3n organizamos un gobierno en\nterreno para conmemorar el D\u00eda de la Mujer, que se va a realizar ma\u00f1ana, el d\u00eda\nviernes, a partir de las 9 en el gimnasio fiscal. Hemos trabajado preparando\nuna parrilla program\u00e1tica que sea atractiva para la comunidad, as\u00ed es que a\npartir de las 9:00 hrs. de la ma\u00f1ana vamos a estar con actividades recreativas,\npara ni\u00f1os, a las 10:00hrs; vamos a tener un taller de defensa personal, de 11:00\na 12:00 hrs. van a haber clases de zumba y de 12:00 a 13:00 hrs. vamos a tener\nuna cantante regional, que har\u00e1 un bonito espect\u00e1culo. Adem\u00e1s paralelamente se\nrealizar\u00e1 un taller de lenguaje inclusivo, dirigido especialmente a los medios\nde comunicaci\u00f3n, as\u00ed es que esperamos contar con una gran afluencia de p\u00fablico\nel d\u00eda de ma\u00f1ana\u201d.<\/p>\n\n\n\n<p>Se\nespera la participaci\u00f3n entusiasta y activa de todas las mujeres de la comuna y\nsus familias en esta jornada conmemorativa, con la convicci\u00f3n que instancias\ncomo \u00e9stas, forman parte de un todo, clave, para avanzar en la erradicaci\u00f3n de\ntodas las formas de violencia contra las mujeres, y fortalecer su participaci\u00f3n\nsocial, pol\u00edtica y cultural, con el objetivo de contribuir en la construcci\u00f3n\nde una sociedad m\u00e1s igualitaria.<\/p>\n\n\n\n<p>En\nese sentido la Seremi de Gobierno, Alejandra Mu\u00f1oz, expres\u00f3 que \u201cel gobierno ya\nha tenido un avance sin retorno respecto de poder avanzar en igualdad de Derechos,\nen igualdad de oportunidades, hoy d\u00eda el concepto en el D\u00eda Internacional de la\nMujer, es \u201cMujeres que inspiran\u201d, ya que todos hemos tenido mujeres que nos han\ninspirado en nuestra vida, que nos han dejado huella y hoy d\u00eda queremos\nhomenajear y conmemorar este d\u00eda tan importante para nosotros\u201d.<\/p>\n\n\n\n<p>La Seremi Mu\u00f1oz explic\u00f3, adem\u00e1s que por las inclemencias e inestabilidad del clima magall\u00e1nico, la actividad tuvo que cambiarse al gimnasio fiscal y que la zumbat\u00f3n estar\u00e1 liderada por el bailar\u00edn Pablo Vargas, invitando a todas las mujeres a pasar un momento de distenci\u00f3n, con la motivaci\u00f3n de conmemorar este significativo d\u00eda.<\/p>\n\n\n\n<p><strong>Charlas<\/strong><\/p>\n\n\n\n<p>En\nel marco de la conmemoraci\u00f3n de esta importante fecha, la Gobernaci\u00f3n de\nMagallanes, junto a la seremi del Trabajo y de la Mujer y Equidad de G\u00e9nero y\nTrabajo, junto a SernamEG, realizar\u00e1n una serie de charlas durante todo el mes\nde marzo, destinadas especialmente a combatir la violencia de g\u00e9nero. La\nprimera se realizar\u00e1 el viernes 08 de marzo, a las trabajadoras de la empresa\nEstacionar S.A y ser\u00e1 dirigida&nbsp; por una\nabogada de la seremi del Trabajo, bajo la tem\u00e1tica: Acoso Laboral y Sexual.\nDurante la pr\u00f3xima semana, se realizar\u00e1 una difusi\u00f3n audiovisual contra la\nviolencia, para las mujeres de la secci\u00f3n femenina del Complejo Penitenciario,\na las que se sumar\u00e1n otras charlas y actividades de difusi\u00f3n que se informar\u00e1n\noportunamente.<\/p>\n\n\n\n<p><strong>Cronograma<\/strong><\/p>\n\n\n\n<p><strong>09:00 hrs.<\/strong>&nbsp;&nbsp;&nbsp;&nbsp;&nbsp;&nbsp;&nbsp;&nbsp;&nbsp;&nbsp;&nbsp; Bienvenida y Actividades\nrecreativas infantiles.<\/p>\n\n\n\n<p><strong>10:00 hrs.<\/strong>&nbsp;&nbsp;&nbsp;&nbsp;&nbsp;&nbsp;&nbsp;&nbsp;&nbsp;&nbsp;&nbsp; Taller de Defensa Personal.\nInstructor Genaro Carrasco.<\/p>\n\n\n\n<p><strong>11:00 hrs.<\/strong>&nbsp;&nbsp;&nbsp;&nbsp;&nbsp;&nbsp;&nbsp;&nbsp;&nbsp;&nbsp;&nbsp; Zumbat\u00f3n. Instructor Pablo Vargas.<\/p>\n\n\n\n<p><strong>11:30 hrs.<\/strong>&nbsp;&nbsp;&nbsp;&nbsp;&nbsp;&nbsp;&nbsp;&nbsp;&nbsp;&nbsp;&nbsp; Punto de Prensa Intendente Jos\u00e9\nFern\u00e1ndez D\u00fcbrock.<\/p>\n\n\n\n<p><strong>12:00 hrs.<\/strong>&nbsp;&nbsp;&nbsp;&nbsp;&nbsp;&nbsp;&nbsp;&nbsp;&nbsp;&nbsp;&nbsp; Carolina Saldivia. Cantante.&nbsp;&nbsp;&nbsp;&nbsp;&nbsp; <\/p>\n\n\n\n<p><strong>Servicios participantes<\/strong><\/p>\n\n\n\n<p>Intendencia<\/p>\n\n\n\n<p>Seremi de la Mujer y Equidad de G\u00e9nero<\/p>\n\n\n\n<p>SernamEG<\/p>\n\n\n\n<p>Fundaci\u00f3n Prodemu<\/p>\n\n\n\n<p>Seremi del Medio Ambiente<\/p>\n\n\n\n<p>Seremi de Desarrollo Social<\/p>\n\n\n\n<p>Seremi del Deporte<\/p>\n\n\n\n<p>IND<\/p>\n\n\n\n<p>Seremi de las Culturas las Artes y el Patrimonio<\/p>\n\n\n\n<p>Seremi del Trabajo<\/p>\n\n\n\n<p>Seremi de Salud<\/p>\n\n\n\n<p>Injuv<\/p>\n\n\n\n<p>Sename<\/p>\n\n\n\n<p>Senama<\/p>\n\n\n\n<p>Sercotec<\/p>\n\n\n\n<p>Seguridad P\u00fablica<\/p>\n\n\n\n<p>Municipalidad de Punta Arenas<\/p>\n\n\n\n<p>Junji<\/p>\n\n\n\n<p>Integra<\/p>\n\n\n\n<p>Seremi de Educaci\u00f3n<\/p>\n\n\n\n<p>Fosis<\/p>\n\n\n\n<p>Conaf<\/p>\n\n\n\n<figure class=\"wp-block-image\"><img loading=\"lazy\" decoding=\"async\" width=\"801\" height=\"1024\" src=\"https:\/\/www.radiopresidenteibanez.cl\/web\/wp-content\/uploads\/2019\/03\/Afiche-dia-mujer-GET-801x1024.jpg\" alt=\"\" class=\"wp-image-2013\" srcset=\"https:\/\/www.radiopresidenteibanez.cl\/web\/wp-content\/uploads\/2019\/03\/Afiche-dia-mujer-GET-801x1024.jpg 801w, https:\/\/www.radiopresidenteibanez.cl\/web\/wp-content\/uploads\/2019\/03\/Afiche-dia-mujer-GET-235x300.jpg 235w, https:\/\/www.radiopresidenteibanez.cl\/web\/wp-content\/uploads\/2019\/03\/Afiche-dia-mujer-GET-768x981.jpg 768w, https:\/\/www.radiopresidenteibanez.cl\/web\/wp-content\/uploads\/2019\/03\/Afiche-dia-mujer-GET.jpg 900w\" sizes=\"auto, (max-width: 801px) 100vw, 801px\" \/><\/figure>\n","protected":false},"excerpt":{"rendered":"<p>Con el sentido de relevar el rol de las mujeres en la historia de nuestra sociedad y aportar a la equidad de g\u00e9nero y a la difusi\u00f3n del programa de&#8230; <a class=\"read-more\" href=\"https:\/\/www.radiopresidenteibanez.cl\/web\/gobernadora-s-victoria-cortes-anuncia-acto-provincial-para-el-dia-internacional-de-la-mujer\/\">Leer m\u00e1s<\/a><\/p>\n","protected":false},"author":2,"featured_media":2013,"comment_status":"closed","ping_status":"closed","sticky":false,"template":"","format":"standard","meta":{"footnotes":""},"categories":[1],"tags":[],"class_list":["post-2012","post","type-post","status-publish","format-standard","has-post-thumbnail","hentry","category-cronica"],"_links":{"self":[{"href":"https:\/\/www.radiopresidenteibanez.cl\/web\/wp-json\/wp\/v2\/posts\/2012","targetHints":{"allow":["GET"]}}],"collection":[{"href":"https:\/\/www.radiopresidenteibanez.cl\/web\/wp-json\/wp\/v2\/posts"}],"about":[{"href":"https:\/\/www.radiopresidenteibanez.cl\/web\/wp-json\/wp\/v2\/types\/post"}],"author":[{"embeddable":true,"href":"https:\/\/www.radiopresidenteibanez.cl\/web\/wp-json\/wp\/v2\/users\/2"}],"replies":[{"embeddable":true,"href":"https:\/\/www.radiopresidenteibanez.cl\/web\/wp-json\/wp\/v2\/comments?post=2012"}],"version-history":[{"count":0,"href":"https:\/\/www.radiopresidenteibanez.cl\/web\/wp-json\/wp\/v2\/posts\/2012\/revisions"}],"wp:featuredmedia":[{"embeddable":true,"href":"https:\/\/www.radiopresidenteibanez.cl\/web\/wp-json\/wp\/v2\/media\/2013"}],"wp:attachment":[{"href":"https:\/\/www.radiopresidenteibanez.cl\/web\/wp-json\/wp\/v2\/media?parent=2012"}],"wp:term":[{"taxonomy":"category","embeddable":true,"href":"https:\/\/www.radiopresidenteibanez.cl\/web\/wp-json\/wp\/v2\/categories?post=2012"},{"taxonomy":"post_tag","embeddable":true,"href":"https:\/\/www.radiopresidenteibanez.cl\/web\/wp-json\/wp\/v2\/tags?post=2012"}],"curies":[{"name":"wp","href":"https:\/\/api.w.org\/{rel}","templated":true}]}}