{"id":20119,"date":"2021-04-20T03:15:00","date_gmt":"2021-04-20T03:15:00","guid":{"rendered":"https:\/\/www.radiopresidenteibanez.cl\/web\/?p=20119"},"modified":"2021-04-19T22:11:33","modified_gmt":"2021-04-19T22:11:33","slug":"gobernacion-de-ultima-esperanza-entregara-asesoria-para-postular-al-bono-clase-media","status":"publish","type":"post","link":"https:\/\/www.radiopresidenteibanez.cl\/web\/gobernacion-de-ultima-esperanza-entregara-asesoria-para-postular-al-bono-clase-media\/","title":{"rendered":"GOBERNACI\u00d3N DE \u00daLTIMA ESPERANZA ENTREGAR\u00c1 ASESOR\u00cdA PARA POSTULAR AL BONO CLASE MEDIA"},"content":{"rendered":"\n<p>Este\ns\u00e1bado comenz\u00f3 el proceso de postulaci\u00f3n al Bono Clase Media, beneficio que\nforma parte de la Red de Protecci\u00f3n Social impulsada por el Gobierno como una\nmanera m\u00e1s de enfrentar los efectos producidos a causa de la pandemia. Por lo\nanterior, y como una manera de apoyar a la comunidad es que la Gobernaci\u00f3n de\n\u00daltima Esperanza ha habilitado una oficina en el primer piso, que contar\u00e1 con\nla presencia de funcionarios de la Gobernaci\u00f3n, del Servicio de Impuestos\nInternos y del IPS Chile Atiende para asesorar a las personas que requieran\npostular.<\/p>\n\n\n\n<p>Sobre\nesta ayuda para la comunidad, la gobernadora Ericka Far\u00edas se\u00f1al\u00f3 \u201cesta es una\nayuda que busca llegar a m\u00e1s de 2 millones de chilenos, especialmente para\napoyar a quienes se han visto m\u00e1s afectados, esa es una prioridad para el\nGobierno del presidente Pi\u00f1era, que los beneficios lleguen a las personas m\u00e1s\nnecesitadas, y vamos a disponer de todos lo medios para poder asesorarlos\u201d.<\/p>\n\n\n\n<p>Por su\nparte, el jefe de las Oficinas del Servicio de Impuestos Internos, Marco Traba,\ncoment\u00f3 \u201cestaremos en Gobernaci\u00f3n durante las dos primeras semanas, los\nhorarios son desde las 9:00 hrs. hasta las 13:00 hrs. Es importante se\u00f1alar que\nlas postulaciones son con Clave \u00danica o Clave Tributaria, adem\u00e1s, la persona\nque est\u00e1 postulando no tiene que ingresar nada, ya que los c\u00e1lculos se hace el\nsistema de forma autom\u00e1tica\u201d.<\/p>\n\n\n\n<p>En\ntanto, la jefa de la Oficinas de Chile Atiende, Sandra Oyarzo, agreg\u00f3 \u201cva a\nhaber un equipo de funcionarios que van a estar ayudando a toda la comunidad,\nadem\u00e1s, los d\u00edas martes y jueves dispondremos de una persona del IPS para poder\norientar y ayudar a las personas en la obtenci\u00f3n de la Clave \u00danica\u201d.<\/p>\n\n\n\n<p>De este\nmodo, la asesor\u00eda se extender\u00e1 hasta el 30 de abril, contando con la presencia\nde funcionarios de Gobernaci\u00f3n y SII de lunes a viernes, mientras que personal\nde IPS Chile Atiende estar\u00e1n martes y jueves, apoyando tambi\u00e9n con la obtenci\u00f3n\nde Clave \u00danica. <\/p>\n\n\n\n<p>El bono\npuede alcanzar un monto de hasta $500 mil pesos a toda persona que, cumpliendo\nlos requisitos, tenga una renta entre el salario m\u00ednimo y 1,5 millones.\nAsimismo, el monto se reducir\u00e1 proporcionalmente para las personas con ingresos\nde entre $1,5 y $2 millones. Quienes est\u00e9n interesados en postular, adem\u00e1s de\ncontar con su clave \u00fanica, deber\u00e1n ingresar al sitio web <a href=\"http:\/\/www.sii.cl\">www.sii.cl<\/a> teniendo como plazo final el d\u00eda 17 de mayo.<\/p>\n","protected":false},"excerpt":{"rendered":"<p>Este s\u00e1bado comenz\u00f3 el proceso de postulaci\u00f3n al Bono Clase Media, beneficio que forma parte de la Red de Protecci\u00f3n Social impulsada por el Gobierno como una manera m\u00e1s de&#8230; <a class=\"read-more\" href=\"https:\/\/www.radiopresidenteibanez.cl\/web\/gobernacion-de-ultima-esperanza-entregara-asesoria-para-postular-al-bono-clase-media\/\">Leer m\u00e1s<\/a><\/p>\n","protected":false},"author":2,"featured_media":20120,"comment_status":"closed","ping_status":"closed","sticky":false,"template":"","format":"standard","meta":{"footnotes":""},"categories":[1],"tags":[],"class_list":["post-20119","post","type-post","status-publish","format-standard","has-post-thumbnail","hentry","category-cronica"],"_links":{"self":[{"href":"https:\/\/www.radiopresidenteibanez.cl\/web\/wp-json\/wp\/v2\/posts\/20119","targetHints":{"allow":["GET"]}}],"collection":[{"href":"https:\/\/www.radiopresidenteibanez.cl\/web\/wp-json\/wp\/v2\/posts"}],"about":[{"href":"https:\/\/www.radiopresidenteibanez.cl\/web\/wp-json\/wp\/v2\/types\/post"}],"author":[{"embeddable":true,"href":"https:\/\/www.radiopresidenteibanez.cl\/web\/wp-json\/wp\/v2\/users\/2"}],"replies":[{"embeddable":true,"href":"https:\/\/www.radiopresidenteibanez.cl\/web\/wp-json\/wp\/v2\/comments?post=20119"}],"version-history":[{"count":0,"href":"https:\/\/www.radiopresidenteibanez.cl\/web\/wp-json\/wp\/v2\/posts\/20119\/revisions"}],"wp:featuredmedia":[{"embeddable":true,"href":"https:\/\/www.radiopresidenteibanez.cl\/web\/wp-json\/wp\/v2\/media\/20120"}],"wp:attachment":[{"href":"https:\/\/www.radiopresidenteibanez.cl\/web\/wp-json\/wp\/v2\/media?parent=20119"}],"wp:term":[{"taxonomy":"category","embeddable":true,"href":"https:\/\/www.radiopresidenteibanez.cl\/web\/wp-json\/wp\/v2\/categories?post=20119"},{"taxonomy":"post_tag","embeddable":true,"href":"https:\/\/www.radiopresidenteibanez.cl\/web\/wp-json\/wp\/v2\/tags?post=20119"}],"curies":[{"name":"wp","href":"https:\/\/api.w.org\/{rel}","templated":true}]}}