{"id":20116,"date":"2021-04-20T03:00:00","date_gmt":"2021-04-20T03:00:00","guid":{"rendered":"https:\/\/www.radiopresidenteibanez.cl\/web\/?p=20116"},"modified":"2021-04-19T22:06:48","modified_gmt":"2021-04-19T22:06:48","slug":"inacap-y-huawei-se-suman-al-dia-internacional-de-las-ninas-en-las-tic-con-seminarios-online","status":"publish","type":"post","link":"https:\/\/www.radiopresidenteibanez.cl\/web\/inacap-y-huawei-se-suman-al-dia-internacional-de-las-ninas-en-las-tic-con-seminarios-online\/","title":{"rendered":"INACAP Y HUAWEI SE SUMAN AL D\u00cdA INTERNACIONAL DE LAS NI\u00d1AS EN LAS TIC CON SEMINARIOS ONLINE"},"content":{"rendered":"\n<p>Por octavo a\u00f1o consecutivo, INACAP se suma a la conmemoraci\u00f3n del D\u00eda\nInternacional de las Ni\u00f1as TIC, iniciativa impulsada a nivel internacional por\nla Uni\u00f3n Internacional de Telecomunicaciones (UIT), organismo dependiente de\nlas Naciones Unidas, con el objetivo de alentar a ni\u00f1as y mujeres j\u00f3venes a\nestudiar carreras TIC. <\/p>\n\n\n\n<p>De acuerdo con un estudio realizado por la consultora IT Hunter, los\ncargos de mujeres en empresas TIC alcanzan s\u00f3lo el 30%. Adem\u00e1s, la misma fuente\nrevel\u00f3 que en cargos ejecutivos de empresas tecnol\u00f3gicas, s\u00f3lo 16% corresponde\na mujeres.<\/p>\n\n\n\n<p>Por su parte, un estudio realizado por Mujeres Ingenieras, fundaci\u00f3n\nque busca potenciar la entrada de ingenieras al mundo laboral y disminuir la\nbrecha, concluye que actualmente un 53% de quienes ingresan a educaci\u00f3n\nsuperior corresponde a mujeres, pero s\u00f3lo 27% entra a ingenier\u00eda y en otras\ncarreras ni siquiera alcanza el 10%.<\/p>\n\n\n\n<p>En esa l\u00ednea, la Directora del \u00c1rea Tecnolog\u00edas de Informaci\u00f3n y\nCiberseguridad de INACAP, Karin Quiroga, asegur\u00f3 que a\u00fan hay un largo camino\npor recorrer en materia de brechas en el mundo TIC, a pesar de que esta ha\ntendido a disminuir en el tiempo. \u201cLa aceleraci\u00f3n de la digitalizaci\u00f3n de\ndiversos procesos, estudios y trabajos, producto de la crisis sanitaria,\nevidencian la necesidad de avanzar en el desarrollo de talentos en el \u00e1mbito\ntecnol\u00f3gico. Un desaf\u00edo que en INACAP hemos hecho propio, conscientes de que\ndesde nuestro rol tambi\u00e9n debemos contribuir en la promoci\u00f3n de vocaciones en\nel campo creciente de las tecnolog\u00edas de la informaci\u00f3n y comunicaci\u00f3n en las\nni\u00f1as y adolescentes de nuestro pa\u00eds\u201d. <\/p>\n\n\n\n<p>Asimismo, Leqi Deng Manager de Relaciones P\u00fablicas, Responsabilidad\nSocial y Sustentabilidad de Huawei, manifiesta que: \u201cActualmente hay un d\u00e9ficit\nde al menos 6.000 trabajadores tecnol\u00f3gicos seg\u00fan la Asociaci\u00f3n de Empresas\nTecnol\u00f3gicas (ACTI), lo que da cuenta de que todav\u00eda hay mucho que explorar en\nel \u00e1mbito laboral con las TIC y abrir\u00e1n muchas puertas en el futuro. Por lo\nmismo, queremos que todas las ni\u00f1as y mujeres se suban a este carro y descubran\nlas grandes oportunidades que brindan las TIC para que todas juntas podamos\nhacer del mundo un lugar mejor. Hoy, las TIC est\u00e1n cambiando la vida de las\npersonas, tienen el poder de influir en diversas \u00e1reas de desarrollo, por\nejemplo, preservar el medio ambiente; reducir la desigualdad; aumentar la\nproductividad de diversos sectores econ\u00f3micos e incluso salvar vidas\u201d.<\/p>\n\n\n\n<p>Para este a\u00f1o, INACAP tiene contemplada la realizaci\u00f3n de dos\nactividades el d\u00eda 22 de abril a partir de las 10.30 horas: un webinar dirigido\na colegios EMTP sobre el rol que juega la inteligencia artificial en la\nprotecci\u00f3n de la biodiversidad con Jean Wang, Marketing Manager de Huawei\nCloud; y un conversatorio abierto a todo el p\u00fablico a partir de las 12.00\nhoras, sobre las mujeres y su rol en la sociedad y el desarrollo\nsocio-econ\u00f3mico del pa\u00eds con Roseli Ramirez, Solutions Product Manager de\nHuawei.<\/p>\n\n\n\n<p>&nbsp;&nbsp;&nbsp;&nbsp;&nbsp;&nbsp;&nbsp;&nbsp;&nbsp;&nbsp;&nbsp;&nbsp;&nbsp;&nbsp;&nbsp; M\u00e1s informaci\u00f3n en <a href=\"https:\/\/portales.inacap.cl\/eventos\/eventos-2021\/da-de-las-ninias-en-las-tic\">https:\/\/portales.inacap.cl\/eventos\/eventos-2021\/da-de-las-ninias-en-las-tic<\/a> <\/p>\n","protected":false},"excerpt":{"rendered":"<p>Por octavo a\u00f1o consecutivo, INACAP se suma a la conmemoraci\u00f3n del D\u00eda Internacional de las Ni\u00f1as TIC, iniciativa impulsada a nivel internacional por la Uni\u00f3n Internacional de Telecomunicaciones (UIT), organismo&#8230; <a class=\"read-more\" href=\"https:\/\/www.radiopresidenteibanez.cl\/web\/inacap-y-huawei-se-suman-al-dia-internacional-de-las-ninas-en-las-tic-con-seminarios-online\/\">Leer m\u00e1s<\/a><\/p>\n","protected":false},"author":2,"featured_media":20117,"comment_status":"closed","ping_status":"closed","sticky":false,"template":"","format":"standard","meta":{"footnotes":""},"categories":[1],"tags":[],"class_list":["post-20116","post","type-post","status-publish","format-standard","has-post-thumbnail","hentry","category-cronica"],"_links":{"self":[{"href":"https:\/\/www.radiopresidenteibanez.cl\/web\/wp-json\/wp\/v2\/posts\/20116","targetHints":{"allow":["GET"]}}],"collection":[{"href":"https:\/\/www.radiopresidenteibanez.cl\/web\/wp-json\/wp\/v2\/posts"}],"about":[{"href":"https:\/\/www.radiopresidenteibanez.cl\/web\/wp-json\/wp\/v2\/types\/post"}],"author":[{"embeddable":true,"href":"https:\/\/www.radiopresidenteibanez.cl\/web\/wp-json\/wp\/v2\/users\/2"}],"replies":[{"embeddable":true,"href":"https:\/\/www.radiopresidenteibanez.cl\/web\/wp-json\/wp\/v2\/comments?post=20116"}],"version-history":[{"count":0,"href":"https:\/\/www.radiopresidenteibanez.cl\/web\/wp-json\/wp\/v2\/posts\/20116\/revisions"}],"wp:featuredmedia":[{"embeddable":true,"href":"https:\/\/www.radiopresidenteibanez.cl\/web\/wp-json\/wp\/v2\/media\/20117"}],"wp:attachment":[{"href":"https:\/\/www.radiopresidenteibanez.cl\/web\/wp-json\/wp\/v2\/media?parent=20116"}],"wp:term":[{"taxonomy":"category","embeddable":true,"href":"https:\/\/www.radiopresidenteibanez.cl\/web\/wp-json\/wp\/v2\/categories?post=20116"},{"taxonomy":"post_tag","embeddable":true,"href":"https:\/\/www.radiopresidenteibanez.cl\/web\/wp-json\/wp\/v2\/tags?post=20116"}],"curies":[{"name":"wp","href":"https:\/\/api.w.org\/{rel}","templated":true}]}}