{"id":20112,"date":"2021-04-20T02:45:00","date_gmt":"2021-04-20T02:45:00","guid":{"rendered":"https:\/\/www.radiopresidenteibanez.cl\/web\/?p=20112"},"modified":"2021-04-19T20:32:30","modified_gmt":"2021-04-19T20:32:30","slug":"mtt-inicia-proceso-de-postulacion-para-bono-de-500-mil-en-apoyo-a-transportistas","status":"publish","type":"post","link":"https:\/\/www.radiopresidenteibanez.cl\/web\/mtt-inicia-proceso-de-postulacion-para-bono-de-500-mil-en-apoyo-a-transportistas\/","title":{"rendered":"MTT INICIA PROCESO DE POSTULACI\u00d3N PARA BONO DE $500 MIL EN APOYO A TRANSPORTISTAS"},"content":{"rendered":"\n<p>A partir de hoy propietarios y\nconductores de taxis b\u00e1sicos, colectivos, ejecutivos\ny de turismo; buses y minibuses urbanos y rurales y furgones escolares, pueden\npostular al nuevo bono de $500 mil en apoyo al sector y que se solicita en la\nplataforma habilitada en la p\u00e1gina del ministerio de Transportes y\nTelecomunicaciones <a href=\"http:\/\/www.mtt.gob.cl\">www.mtt.gob.cl<\/a>.<\/p>\n\n\n\n<p>El\nsubsecretario de Transportes Jos\u00e9 Luis Dom\u00ednguez, se\u00f1al\u00f3 que \u201cel inicio de este\nproceso es una muy buena noticia para un sector que se ha visto fuertemente\ngolpeado por la pandemia del Covid-19. Son aproximadamente 250 mil potenciales\nbeneficiados que tendr\u00e1n 60 d\u00edas para solicitar este bono de apoyo \u00fanico. Para\nello, los microempresarios deben ingresar al mini sitio habilitado en la p\u00e1gina\nweb del ministerio de Transportes y Telecomunicaciones para realizar la\nsolicitud y luego inscribir a los conductores asociados a cada una de las\nPlacas Patentes \u00danicas de los veh\u00edculos inscritos\u201d. <\/p>\n\n\n\n<p><strong>Pasos de la postulaci\u00f3n<\/strong><\/p>\n\n\n\n<p>Los propietarios o representantes\nlegales, con su RUN y Clave \u00danica, deben especificar sus datos personales,\nseleccionar el medio de pago (cuenta RUT, pago por caja o transferencia\nelectr\u00f3nica) y luego se desplegar\u00e1 un listado de los veh\u00edculos habilitados para\nla postulaci\u00f3n, para que el microempresario asocie un conductor por cada una de\nlas Placas Patentes \u00danicas. Para ello, debe ingresar el RUN, mail y tel\u00e9fono de\nla respectiva persona. <\/p>\n\n\n\n<p>Finalmente se desplegar\u00e1 un resumen de la postulaci\u00f3n, con los datos\ningresados por el propietario y los conductores asociados a las patentes\nhabilitadas, para que luego el postulante acepte los t\u00e9rminos y condici\u00f3n de\nuso. Finalizado el proceso, los propietarios tendr\u00e1n tres d\u00edas corridos para realizar\nmodificaciones, la eliminaci\u00f3n o cancelaci\u00f3n de la postulaci\u00f3n a trav\u00e9s de la\nmisma plataforma en el bot\u00f3n \u201cMis Solicitudes\u201d.<\/p>\n\n\n\n<p>Una vez cumplido el plazo de retracto, inform\u00f3 el seremi de Transportes y\nTelecomunicaciones de nuestra regi\u00f3n Marco Mella \u201cse enviar\u00e1 un correo a los\nconductores postulados indic\u00e1ndoles que entrar\u00e1n a proceso de an\u00e1lisis de\nantecedentes, el que tiene una duraci\u00f3n aproximada de una semana. Una vez\nfinalizada dicha instancia, y en caso de aprobaci\u00f3n, se les enviar\u00e1 un mail\npara que ingresen a la plataforma con su RUN y Clave \u00danica, adjunten una copia\nde su licencia de conducir profesional por ambos lados y se\u00f1alen el medio de\npago\u201d. <\/p>\n\n\n\n<p>En total desde la fecha de\npostulaci\u00f3n, habr\u00e1 un plazo de 20 d\u00edas h\u00e1biles para que la Tesorer\u00eda General de\nla Rep\u00fablica realice el pago del beneficio. <\/p>\n\n\n\n<p>El\nSubsecretario Dom\u00ednguez a\u00f1adi\u00f3 que \u201cdurante los pr\u00f3ximos d\u00edas se habilitar\u00e1n\nlas solicitudes del pr\u00e9stamo estatal solidario de $320.500 para los\nmicroempresarios del transporte, postulaci\u00f3n que se podr\u00e1 hacer en el mismo\nminisitio del Ministerio de Transportes y Telecomunicaciones, por hasta tres\nocasiones: las primeras dos hasta el 15 de julio, mientras que la\ntercera entre el 1 de septiembre y el 31 de diciembre del 2021\u201d. <\/p>\n\n\n\n<p>El pr\u00e9stamo deber\u00e1 ser restituido\nsin intereses, s\u00f3lo con reajuste, a partir de abril del a\u00f1o 2022, en cuotas\nmensuales de igual valor, determinadas en UF y bajo un convenio de pago con la\nTesorer\u00eda General de la Rep\u00fablica. <\/p>\n","protected":false},"excerpt":{"rendered":"<p>A partir de hoy propietarios y conductores de taxis b\u00e1sicos, colectivos, ejecutivos y de turismo; buses y minibuses urbanos y rurales y furgones escolares, pueden postular al nuevo bono de&#8230; <a class=\"read-more\" href=\"https:\/\/www.radiopresidenteibanez.cl\/web\/mtt-inicia-proceso-de-postulacion-para-bono-de-500-mil-en-apoyo-a-transportistas\/\">Leer m\u00e1s<\/a><\/p>\n","protected":false},"author":2,"featured_media":20113,"comment_status":"closed","ping_status":"closed","sticky":false,"template":"","format":"standard","meta":{"footnotes":""},"categories":[1],"tags":[],"class_list":["post-20112","post","type-post","status-publish","format-standard","has-post-thumbnail","hentry","category-cronica"],"_links":{"self":[{"href":"https:\/\/www.radiopresidenteibanez.cl\/web\/wp-json\/wp\/v2\/posts\/20112","targetHints":{"allow":["GET"]}}],"collection":[{"href":"https:\/\/www.radiopresidenteibanez.cl\/web\/wp-json\/wp\/v2\/posts"}],"about":[{"href":"https:\/\/www.radiopresidenteibanez.cl\/web\/wp-json\/wp\/v2\/types\/post"}],"author":[{"embeddable":true,"href":"https:\/\/www.radiopresidenteibanez.cl\/web\/wp-json\/wp\/v2\/users\/2"}],"replies":[{"embeddable":true,"href":"https:\/\/www.radiopresidenteibanez.cl\/web\/wp-json\/wp\/v2\/comments?post=20112"}],"version-history":[{"count":0,"href":"https:\/\/www.radiopresidenteibanez.cl\/web\/wp-json\/wp\/v2\/posts\/20112\/revisions"}],"wp:featuredmedia":[{"embeddable":true,"href":"https:\/\/www.radiopresidenteibanez.cl\/web\/wp-json\/wp\/v2\/media\/20113"}],"wp:attachment":[{"href":"https:\/\/www.radiopresidenteibanez.cl\/web\/wp-json\/wp\/v2\/media?parent=20112"}],"wp:term":[{"taxonomy":"category","embeddable":true,"href":"https:\/\/www.radiopresidenteibanez.cl\/web\/wp-json\/wp\/v2\/categories?post=20112"},{"taxonomy":"post_tag","embeddable":true,"href":"https:\/\/www.radiopresidenteibanez.cl\/web\/wp-json\/wp\/v2\/tags?post=20112"}],"curies":[{"name":"wp","href":"https:\/\/api.w.org\/{rel}","templated":true}]}}