{"id":20106,"date":"2021-04-20T02:15:00","date_gmt":"2021-04-20T02:15:00","guid":{"rendered":"https:\/\/www.radiopresidenteibanez.cl\/web\/?p=20106"},"modified":"2021-04-19T20:27:36","modified_gmt":"2021-04-19T20:27:36","slug":"desercion-en-kinder-aumento-en-un-130-en-los-ultimos-dos-anos","status":"publish","type":"post","link":"https:\/\/www.radiopresidenteibanez.cl\/web\/desercion-en-kinder-aumento-en-un-130-en-los-ultimos-dos-anos\/","title":{"rendered":"DESERCI\u00d3N EN K\u00cdNDER AUMENT\u00d3 EN UN 130% EN LOS \u00daLTIMOS DOS A\u00d1OS"},"content":{"rendered":"\n<p>La pandemia afect\u00f3 a todo el sistema escolar y uno de los principales factores de riesgo asociados a estos efectos es el abandono de los estudios por parte de miles de ni\u00f1os, ni\u00f1as y j\u00f3venes. En el \u00faltimo a\u00f1o 39.498 alumnos de 1\u00b0 b\u00e1sico a 4\u00b0 medio desertaron del sistema escolar, y se gener\u00f3 una situaci\u00f3n a\u00fan m\u00e1s cr\u00edtica en los m\u00e1s peque\u00f1os: este a\u00f1o se registr\u00f3 el mayor n\u00famero de abandono en la educaci\u00f3n parvularia en una d\u00e9cada, pasando de 4.960 ni\u00f1os que abandonaron el sistema en 2012 a 8.647 que lo hicieron en 2021.<\/p>\n\n\n\n<p>Las mismas cifras reflejan que desde 2019 la cantidad de estudiantes de prek\u00ednder que abandonaron el sistema se duplic\u00f3, pasando de 1.878 a 3.960 ni\u00f1os y ni\u00f1as, realidad a\u00fan m\u00e1s preocupante en el nivel de k\u00ednder donde hubo un aumento de la deserci\u00f3n de un 130% entre 2019&nbsp; y 2021 (pasando de 1.965 a 4.687 ni\u00f1os).<\/p>\n\n\n\n<p>Si bien en 1\u00b0 b\u00e1sico tambi\u00e9n aument\u00f3 la deserci\u00f3n en un 44%, en este nivel acad\u00e9mico la tasa de incidencia se mantuvo relativamente estable, pasando de 0,9% a 1,3%.<\/p>\n\n\n\n<p>\u201cLo que m\u00e1s llama la atenci\u00f3n es la diferencia en las tasas de deserci\u00f3n entre nivel parvulario y 1\u00b0 b\u00e1sico, lo que puede explicarse con que este \u00faltimo es obligatorio. Por lo mismo, estamos tramitando en el Congreso, hace ya dos a\u00f1os, un proyecto que hace que el nivel de k\u00ednder tambi\u00e9n tenga un car\u00e1cter de obligatorio. Esta iniciativa puede ser una gran respuesta a los niveles de abandono en esta etapa formativa de los ni\u00f1os\u201d, asegura el&nbsp;<strong>ministro de Educaci\u00f3n, Ra\u00fal Figueroa.<\/strong><\/p>\n\n\n\n<p>Por su parte, el&nbsp;<strong>Seremi de Educaci\u00f3n de Magallanes, Rodrigo Sep\u00falveda Tagle,<\/strong>&nbsp;inform\u00f3 que \u201cen nuestra regi\u00f3n, las cifras se\u00f1alan que la cantidad de estudiantes de prek\u00ednder que abandonaron el sistema fue de 28, con una tasa de incidencia de 1,8% en 2021. Mientras que en el nivel de k\u00ednder la cifra lleg\u00f3 a 24 ni\u00f1os. El nivel que aument\u00f3 su tasa de deserci\u00f3n fue el 1\u00b0 a\u00f1o b\u00e1sico, cifra que pas\u00f3 de 24 en 2020 a 35 en 2021, lo que equivale a un aumento en la incidencia de 1,7%\u201d.<\/p>\n\n\n\n<p>Sep\u00falveda tambi\u00e9n aclar\u00f3 que la deserci\u00f3n es el abandono del sistema escolar y supone el distanciamiento entre el estudiante y el colegio que se puede deber a&nbsp;m\u00faltiples factores asociados a la exclusi\u00f3n escolar, incluyendo variables individuales, familiares, de la escuela y contextuales, o como sucede hoy con la pandemia causada por el COVID-19. El principal es la inasistencia prolongada a clases presenciales, que genera una desconexi\u00f3n del estudiante con sus profesores y compa\u00f1eros, as\u00ed como con su proceso de aprendizaje. Por ello, agreg\u00f3, es importante estar atentos a este fen\u00f3meno y las cifras, entendiendo que debemos apoyar a la educaci\u00f3n parvularia por la importancia que tiene en el desarrollo de los ni\u00f1os, que es una etapa para nivelar las brechas de los aprendizajes.&nbsp;<\/p>\n\n\n\n<p>Por lo anterior, el Mineduc ha trabajado en el proyecto de ley de K\u00ednder obligatorio que busca aumentar de 12 a 13 a\u00f1os la escolaridad obligatoria, con el objetivo de que las familias comprendan que este nivel es fundamental para el desarrollo de los j\u00f3venes del futuro, porque as\u00ed podr\u00e1n tener trayectorias educativas exitosas. Actualmente el proyecto de ley fue aprobado por unanimidad en su primer tr\u00e1mite, pero est\u00e1 entrampado en el Senado al realizar modificaciones, que en la pr\u00e1ctica eliminar\u00edan la obligatoriedad. Ahora el proyecto est\u00e1 en comisi\u00f3n mixta y se espera que tras su aprobaci\u00f3n vuelva a la comisi\u00f3n.<\/p>\n","protected":false},"excerpt":{"rendered":"<p>La pandemia afect\u00f3 a todo el sistema escolar y uno de los principales factores de riesgo asociados a estos efectos es el abandono de los estudios por parte de miles&#8230; <a class=\"read-more\" href=\"https:\/\/www.radiopresidenteibanez.cl\/web\/desercion-en-kinder-aumento-en-un-130-en-los-ultimos-dos-anos\/\">Leer m\u00e1s<\/a><\/p>\n","protected":false},"author":2,"featured_media":20107,"comment_status":"closed","ping_status":"closed","sticky":false,"template":"","format":"standard","meta":{"footnotes":""},"categories":[1],"tags":[],"class_list":["post-20106","post","type-post","status-publish","format-standard","has-post-thumbnail","hentry","category-cronica"],"_links":{"self":[{"href":"https:\/\/www.radiopresidenteibanez.cl\/web\/wp-json\/wp\/v2\/posts\/20106","targetHints":{"allow":["GET"]}}],"collection":[{"href":"https:\/\/www.radiopresidenteibanez.cl\/web\/wp-json\/wp\/v2\/posts"}],"about":[{"href":"https:\/\/www.radiopresidenteibanez.cl\/web\/wp-json\/wp\/v2\/types\/post"}],"author":[{"embeddable":true,"href":"https:\/\/www.radiopresidenteibanez.cl\/web\/wp-json\/wp\/v2\/users\/2"}],"replies":[{"embeddable":true,"href":"https:\/\/www.radiopresidenteibanez.cl\/web\/wp-json\/wp\/v2\/comments?post=20106"}],"version-history":[{"count":0,"href":"https:\/\/www.radiopresidenteibanez.cl\/web\/wp-json\/wp\/v2\/posts\/20106\/revisions"}],"wp:featuredmedia":[{"embeddable":true,"href":"https:\/\/www.radiopresidenteibanez.cl\/web\/wp-json\/wp\/v2\/media\/20107"}],"wp:attachment":[{"href":"https:\/\/www.radiopresidenteibanez.cl\/web\/wp-json\/wp\/v2\/media?parent=20106"}],"wp:term":[{"taxonomy":"category","embeddable":true,"href":"https:\/\/www.radiopresidenteibanez.cl\/web\/wp-json\/wp\/v2\/categories?post=20106"},{"taxonomy":"post_tag","embeddable":true,"href":"https:\/\/www.radiopresidenteibanez.cl\/web\/wp-json\/wp\/v2\/tags?post=20106"}],"curies":[{"name":"wp","href":"https:\/\/api.w.org\/{rel}","templated":true}]}}