{"id":20103,"date":"2021-04-20T02:00:00","date_gmt":"2021-04-20T02:00:00","guid":{"rendered":"https:\/\/www.radiopresidenteibanez.cl\/web\/?p=20103"},"modified":"2021-04-19T20:25:16","modified_gmt":"2021-04-19T20:25:16","slug":"alcaldesa-s-de-punta-arenas-se-reunio-con-funcionarios-de-consultorio-18-de-septiembre-y-dirigentes-vecinales-por-problemas-con-licitacion","status":"publish","type":"post","link":"https:\/\/www.radiopresidenteibanez.cl\/web\/alcaldesa-s-de-punta-arenas-se-reunio-con-funcionarios-de-consultorio-18-de-septiembre-y-dirigentes-vecinales-por-problemas-con-licitacion\/","title":{"rendered":"ALCALDESA (S) DE PUNTA ARENAS SE REUNI\u00d3 CON FUNCIONARIOS DE CONSULTORIO 18 DE SEPTIEMBRE Y DIRIGENTES VECINALES POR PROBLEMAS CON LICITACI\u00d3N"},"content":{"rendered":"\n<p>la alcaldesa (S) de Punta Arenas, Elena Blackwood, junto a\nla jefa del \u00e1rea Salud de la Corporaci\u00f3n Municipal, Rosa Bidart, se reunieron\ncon dirigentes vecinales, funcionarios y la directora del Cesfam 18 de\nSeptiembre, para analizar los pasos a seguir, luego de enterarse la semana\npasada sobre el complejo escenario al que se enfrentan trabajadores y usuarios\ndel recinto por los problemas de financiamiento que existen para llevar\nadelante el contrato de licitaci\u00f3n.<\/p>\n\n\n\n<p>Seg\u00fan indic\u00f3 la jefa del \u00e1rea Salud de la Cormupa, Rosa\nBidart, el jueves pasado se le inform\u00f3 mediante una videoconferencia, que la\nempresa Salfa hab\u00eda ofrecido $11 mil millones y el Servicio de Salud s\u00f3lo ten\u00eda\n$7 mil millones. Adem\u00e1s, hasta la fecha, no ha existido un informe oficial\nhacia el Municipio respecto de esta situaci\u00f3n ni sobre las acciones que se\ntomar\u00e1n.<\/p>\n\n\n\n<p>\u201cNosotros desde el Municipio, obviamente hemos tomado esto\ncon una gran preocupaci\u00f3n y molestia, porque sabemos que es un recinto que la\npoblaci\u00f3n 18 de Septiembre necesita, es una ilusi\u00f3n que han llevado por m\u00e1s de\n10, 12 a\u00f1os, y que una vez m\u00e1s no se pueda concretar por supuesto que nos ha\ndejado muy preocupados y esto es lo que vamos a hacer ver a la se\u00f1ora\nintendenta\u201d, afirm\u00f3 la alcaldesa (S), Elena Blackwood, indicando que esperan\npoder reunirse con la primera autoridad regional a m\u00e1s tardar este martes (20\nde abril).<\/p>\n\n\n\n<p>Por su parte, la jefa del \u00e1rea Salud de la Cormupa, Rosa\nBidart, indic\u00f3 que \u201ces una preocupaci\u00f3n, primero, por los funcionarios, que son\nm\u00e1s de cien que no entran en el Cesfam y que est\u00e1n trabajando en terreno.\nNosotros tenemos veh\u00edculos con conductores, pero hay gente que sale en sus\npropios autos. Por lo tanto, tambi\u00e9n es un gasto mayor para cada funcionario. Y\nadem\u00e1s, la atenci\u00f3n de nuestros usuarios que no la podemos dar al cien por\nciento, en lo que debiera ser presencial en este Cesfam\u201d, agregando que el\nrecinto cuenta con m\u00e1s de 17 mil usuarios inscritos.<\/p>\n\n\n\n<p>Finalmente, la directora del Cesfam 18 de Septiembre, Ximena\nParedes, se manifest\u00f3 molesta y decepcionada porque junto al anuncio de los\nproblemas de financiamiento, se les indic\u00f3 que deb\u00edan ser ellos mismos los que\nbuscaran un lugar transitorio para poder estar mientras se constru\u00eda el nuevo\nrecinto. \u201cSe nos dijo que por el problema de presupuesto, hab\u00eda que ver otra\nalternativa, sobre todo en lo relacionado con el Cesfam transitorio, porque\ncomo se va a construir en el mismo sitio, hay que demoler este establecimiento.\nEntonces nos pidieron que nosotros vi\u00e9ramos el plan alternativo\u201d, explic\u00f3.<\/p>\n\n\n\n<p>De haberse realizado todo seg\u00fan lo esperado, en noviembre\ndeber\u00eda haber estado construido el Cesfam transitorio para que los funcionarios\npudieran operar ah\u00ed, mientras se iniciaba la demolici\u00f3n y construcci\u00f3n del\nnuevo recinto, que ten\u00eda una duraci\u00f3n de 2 a\u00f1os.&nbsp; <\/p>\n","protected":false},"excerpt":{"rendered":"<p>la alcaldesa (S) de Punta Arenas, Elena Blackwood, junto a la jefa del \u00e1rea Salud de la Corporaci\u00f3n Municipal, Rosa Bidart, se reunieron con dirigentes vecinales, funcionarios y la directora&#8230; <a class=\"read-more\" href=\"https:\/\/www.radiopresidenteibanez.cl\/web\/alcaldesa-s-de-punta-arenas-se-reunio-con-funcionarios-de-consultorio-18-de-septiembre-y-dirigentes-vecinales-por-problemas-con-licitacion\/\">Leer m\u00e1s<\/a><\/p>\n","protected":false},"author":2,"featured_media":20104,"comment_status":"closed","ping_status":"closed","sticky":false,"template":"","format":"standard","meta":{"footnotes":""},"categories":[1],"tags":[],"class_list":["post-20103","post","type-post","status-publish","format-standard","has-post-thumbnail","hentry","category-cronica"],"_links":{"self":[{"href":"https:\/\/www.radiopresidenteibanez.cl\/web\/wp-json\/wp\/v2\/posts\/20103","targetHints":{"allow":["GET"]}}],"collection":[{"href":"https:\/\/www.radiopresidenteibanez.cl\/web\/wp-json\/wp\/v2\/posts"}],"about":[{"href":"https:\/\/www.radiopresidenteibanez.cl\/web\/wp-json\/wp\/v2\/types\/post"}],"author":[{"embeddable":true,"href":"https:\/\/www.radiopresidenteibanez.cl\/web\/wp-json\/wp\/v2\/users\/2"}],"replies":[{"embeddable":true,"href":"https:\/\/www.radiopresidenteibanez.cl\/web\/wp-json\/wp\/v2\/comments?post=20103"}],"version-history":[{"count":0,"href":"https:\/\/www.radiopresidenteibanez.cl\/web\/wp-json\/wp\/v2\/posts\/20103\/revisions"}],"wp:featuredmedia":[{"embeddable":true,"href":"https:\/\/www.radiopresidenteibanez.cl\/web\/wp-json\/wp\/v2\/media\/20104"}],"wp:attachment":[{"href":"https:\/\/www.radiopresidenteibanez.cl\/web\/wp-json\/wp\/v2\/media?parent=20103"}],"wp:term":[{"taxonomy":"category","embeddable":true,"href":"https:\/\/www.radiopresidenteibanez.cl\/web\/wp-json\/wp\/v2\/categories?post=20103"},{"taxonomy":"post_tag","embeddable":true,"href":"https:\/\/www.radiopresidenteibanez.cl\/web\/wp-json\/wp\/v2\/tags?post=20103"}],"curies":[{"name":"wp","href":"https:\/\/api.w.org\/{rel}","templated":true}]}}