{"id":20097,"date":"2021-04-19T20:17:58","date_gmt":"2021-04-19T20:17:58","guid":{"rendered":"https:\/\/www.radiopresidenteibanez.cl\/web\/?p=20097"},"modified":"2021-04-19T20:18:03","modified_gmt":"2021-04-19T20:18:03","slug":"minvu-invita-a-conocer-resultados-de-la-primera-etapa-de-participacion-y-diseno-preliminar-de-bandejones-de-avenida-espana","status":"publish","type":"post","link":"https:\/\/www.radiopresidenteibanez.cl\/web\/minvu-invita-a-conocer-resultados-de-la-primera-etapa-de-participacion-y-diseno-preliminar-de-bandejones-de-avenida-espana\/","title":{"rendered":"MINVU INVITA A CONOCER RESULTADOS DE LA PRIMERA ETAPA DE PARTICIPACI\u00d3N Y DISE\u00d1O PRELIMINAR DE BANDEJONES DE AVENIDA ESPA\u00d1A"},"content":{"rendered":"\n<p>Hasta el 25 de abril se encuentra disponible la encuesta sobre la propuesta de dise\u00f1o preliminar de mejoramiento de seis bandejones centrales de esta importante Avenida. Adem\u00e1s, el martes 20 de abril, a las 19 horas, en la fan page Tandem consultores, se realizar\u00e1 un streaming donde se presentar\u00e1 el avance del proyecto y se contar\u00e1 con la participaci\u00f3n de representantes de la sociedad civil. En la instancia tambi\u00e9n se dar\u00e1 respuesta a las consultas del p\u00fablico.<\/p>\n\n\n\n<p>La iniciativa fue postulada para financiamiento del Ministerio de Vivienda y Urbanismo por la Municipalidad de Punta Arenas, contando con el respaldo de las organizaciones territoriales y funcionales ubicadas en el \u00e1rea de estudio.<\/p>\n\n\n\n<p>El&nbsp;<strong>director regional del Serviu, Dubalio P\u00e9rez Ruiz<\/strong>, invit\u00f3 a la comunidad a conocer c\u00f3mo se plasmaron sus aportes en la propuesta&nbsp;<strong>\u201cEl sector en dise\u00f1o se ubica en una de las principales avenidas de la ciudad, en una zona de transici\u00f3n entre el Cerro de la Cruz y el centro c\u00edvico. Posee actualmente una conformaci\u00f3n mixta: residencial, comercial y de servicios. Por todo lo anterior es importante que la comunidad se involucre, revise la propuesta y realice sus aportes en esta segunda etapa de participaci\u00f3n\u201d<\/strong>, indic\u00f3.<\/p>\n\n\n\n<p>En la primera etapa de participaci\u00f3n, cuya opini\u00f3n sirvi\u00f3 de base para la formulaci\u00f3n del proyecto de dise\u00f1o, participaron 232 personas. En el diagn\u00f3stico se establece que los principales problemas presentes en el sector son la inseguridad diurna y nocturna por falta de iluminaci\u00f3n, intenso flujo vehicular e inexistencia de accesibilidad universal. Se menciona, adem\u00e1s, la falta de mantenci\u00f3n de \u00e1reas verdes, espacios en desuso y falta de mobiliario urbano. Por otra parte, los principales atributos identificados son la extensi\u00f3n de las \u00e1reas verdes y la presencia de \u00e1rboles.<\/p>\n\n\n\n<p>El dise\u00f1o de mejoramiento busca potenciar los atributos de la avenida en cuanto a sus \u00e1reas verdes y especies arb\u00f3reas, incorporando nuevas especies arbustivas y generando sectores de permanencia mediante iluminaci\u00f3n p\u00fablica y mobiliario urbano. Se propone tambi\u00e9n la conformaci\u00f3n de un sendero peatonal con accesibilidad universal de acuerdo a la normativa vigente, el que se emplaza sobre la huella existente y se extiende hacia las zonas de cruces. El proyecto incorpora la ciclov\u00eda dise\u00f1ada en el marco de la red de 60 kil\u00f3metros de ciclo rutas.<\/p>\n","protected":false},"excerpt":{"rendered":"<p>Hasta el 25 de abril se encuentra disponible la encuesta sobre la propuesta de dise\u00f1o preliminar de mejoramiento de seis bandejones centrales de esta importante Avenida. Adem\u00e1s, el martes 20&#8230; <a class=\"read-more\" href=\"https:\/\/www.radiopresidenteibanez.cl\/web\/minvu-invita-a-conocer-resultados-de-la-primera-etapa-de-participacion-y-diseno-preliminar-de-bandejones-de-avenida-espana\/\">Leer m\u00e1s<\/a><\/p>\n","protected":false},"author":2,"featured_media":20098,"comment_status":"closed","ping_status":"closed","sticky":false,"template":"","format":"standard","meta":{"footnotes":""},"categories":[1],"tags":[],"class_list":["post-20097","post","type-post","status-publish","format-standard","has-post-thumbnail","hentry","category-cronica"],"_links":{"self":[{"href":"https:\/\/www.radiopresidenteibanez.cl\/web\/wp-json\/wp\/v2\/posts\/20097","targetHints":{"allow":["GET"]}}],"collection":[{"href":"https:\/\/www.radiopresidenteibanez.cl\/web\/wp-json\/wp\/v2\/posts"}],"about":[{"href":"https:\/\/www.radiopresidenteibanez.cl\/web\/wp-json\/wp\/v2\/types\/post"}],"author":[{"embeddable":true,"href":"https:\/\/www.radiopresidenteibanez.cl\/web\/wp-json\/wp\/v2\/users\/2"}],"replies":[{"embeddable":true,"href":"https:\/\/www.radiopresidenteibanez.cl\/web\/wp-json\/wp\/v2\/comments?post=20097"}],"version-history":[{"count":0,"href":"https:\/\/www.radiopresidenteibanez.cl\/web\/wp-json\/wp\/v2\/posts\/20097\/revisions"}],"wp:featuredmedia":[{"embeddable":true,"href":"https:\/\/www.radiopresidenteibanez.cl\/web\/wp-json\/wp\/v2\/media\/20098"}],"wp:attachment":[{"href":"https:\/\/www.radiopresidenteibanez.cl\/web\/wp-json\/wp\/v2\/media?parent=20097"}],"wp:term":[{"taxonomy":"category","embeddable":true,"href":"https:\/\/www.radiopresidenteibanez.cl\/web\/wp-json\/wp\/v2\/categories?post=20097"},{"taxonomy":"post_tag","embeddable":true,"href":"https:\/\/www.radiopresidenteibanez.cl\/web\/wp-json\/wp\/v2\/tags?post=20097"}],"curies":[{"name":"wp","href":"https:\/\/api.w.org\/{rel}","templated":true}]}}