{"id":20094,"date":"2021-04-19T20:16:54","date_gmt":"2021-04-19T20:16:54","guid":{"rendered":"https:\/\/www.radiopresidenteibanez.cl\/web\/?p=20094"},"modified":"2021-04-19T20:16:59","modified_gmt":"2021-04-19T20:16:59","slug":"doce-localidades-de-la-region-de-magallanes-y-la-antartica-chilena-seran-beneficiadas-por-primera-vez-con-internet-movil-de-alta-velocidad-mediante-el-concurso-5g","status":"publish","type":"post","link":"https:\/\/www.radiopresidenteibanez.cl\/web\/doce-localidades-de-la-region-de-magallanes-y-la-antartica-chilena-seran-beneficiadas-por-primera-vez-con-internet-movil-de-alta-velocidad-mediante-el-concurso-5g\/","title":{"rendered":"DOCE LOCALIDADES DE LA REGI\u00d3N DE MAGALLANES Y LA ANT\u00c1RTICA CHILENA SER\u00c1N BENEFICIADAS POR PRIMERA VEZ CON INTERNET M\u00d3VIL DE ALTA VELOCIDAD MEDIANTE EL CONCURSO 5G"},"content":{"rendered":"\n<p>Gracias a los Concursos P\u00fablicos 5G, elaborados por la\nSubsecretar\u00eda de Telecomunicaciones (SUBTEL), 12 localidades de la regi\u00f3n de\nMagallanes y de la Ant\u00e1rtica Chilena ser\u00e1n beneficiadas con servicios m\u00f3viles\nde alta capacidad y velocidad. Estas son Isla Riesco, Agua Fresca, Tres Pasos,\nTramo puesto al medio a Russfin, Bah\u00eda Chilota, Base Bernardo O&#8217;Higgins, Caleta\n2 de Mayo, Morro Chico, Bah\u00eda Azul, Punta D\u00fangenes, Puerto Prat y Caleta Mar\u00eda.<\/p>\n\n\n\n<p>Lo anterior, se debe a que en las bases se contemplan las\ndenominadas \u201cLocalidades Obligatorias\u201d, es decir, lugares que deben ser\nconectados digitalmente de manera perentoria por las empresas adjudicatarias.<\/p>\n\n\n\n<p>\u201cQueremos que todos los ciudadanos de Chile puedan contar\npronto con los beneficios de la tecnolog\u00eda 5G, que generar\u00e1 una mejora\nsustantiva de nuestra calidad de vida. Para que esto ocurra y llegue a toda las\npersonas, tenemos que reducir la brecha digital que persiste en el pa\u00eds. Por\nello, a trav\u00e9s de los Concursos P\u00fablicos de 5G, estamos exigiendo conectar\nlocalidades que contaban con nula o muy baja conectividad digital a lo largo de\ntodo el pa\u00eds\u201d, afirm\u00f3 la ministra de Transportes y Telecomunicaciones, Gloria\nHutt, quien a\u00f1adi\u00f3 que \u201cen el concurso 5G tambi\u00e9n hay exigencias de cobertura\nde un m\u00ednimo de 90% de la poblaci\u00f3n en un plazo m\u00e1ximo de dos a\u00f1os, lo que\ndemuestra nuestro compromiso para cerrar la brecha digital\u201d.<\/p>\n\n\n\n<p>En tanto, la subsecretaria de Telecomunicaciones, Pamela\nGidi, sostuvo que \u201cmejorar la calidad de vida mediante la conectividad digital\nes nuestro principal objetivo desde el inicio de este gobierno y sobre todo\nahora en pandemia. Por ello, las \u2018Localidades Obligatorias\u2019 van a beneficiar un\nm\u00ednimo de 300.000 personas\u201d. A\u00f1adi\u00f3 que \u201cgracias al trabajo conjunto con la\nmesa de conectividad de Compromiso Pa\u00eds, identificamos 366 localidades que\ncontaban con una conexi\u00f3n muy precaria que ahora se ver\u00e1n beneficiadas con\nservicios m\u00f3viles de alta capacidad y velocidad\u201d.<\/p>\n\n\n\n<p>A su vez, el\nsecretario regional Marco Mella indic\u00f3 que las localidades fueron definidas en\nun trabajo conjunto entre Subtel y los municipios locales, dando como resultado\nestas 12 localidades distribuidas en todas las provincias de esta regi\u00f3n\naustral.&nbsp;&nbsp; <\/p>\n\n\n\n<p>\u201cEstas, se\nsumar\u00e1n a las actuales 30 atentas de zonas rurales distribuidas entre las 4\nprovincias, quedando Ultima Esperanza con 8 en total, Tierra del Fuego con 7,\nAnt\u00e1rtica con 3 y Magallanes con 25\u201d, detall\u00f3 el seremi.<\/p>\n\n\n\n<p>Por otro lado, se instalar\u00e1n en un plazo m\u00e1ximo de dos\na\u00f1os 128 antenas (estaciones base) que soportan dicha tecnolog\u00eda en la regi\u00f3n\nde Magallanes y de la Ant\u00e1rtica Chilena, cifra que corresponde al 1% del total contemplado\npara todo el pa\u00eds (9.085).<\/p>\n","protected":false},"excerpt":{"rendered":"<p>Gracias a los Concursos P\u00fablicos 5G, elaborados por la Subsecretar\u00eda de Telecomunicaciones (SUBTEL), 12 localidades de la regi\u00f3n de Magallanes y de la Ant\u00e1rtica Chilena ser\u00e1n beneficiadas con servicios m\u00f3viles&#8230; <a class=\"read-more\" href=\"https:\/\/www.radiopresidenteibanez.cl\/web\/doce-localidades-de-la-region-de-magallanes-y-la-antartica-chilena-seran-beneficiadas-por-primera-vez-con-internet-movil-de-alta-velocidad-mediante-el-concurso-5g\/\">Leer m\u00e1s<\/a><\/p>\n","protected":false},"author":2,"featured_media":20095,"comment_status":"closed","ping_status":"closed","sticky":false,"template":"","format":"standard","meta":{"footnotes":""},"categories":[1],"tags":[],"class_list":["post-20094","post","type-post","status-publish","format-standard","has-post-thumbnail","hentry","category-cronica"],"_links":{"self":[{"href":"https:\/\/www.radiopresidenteibanez.cl\/web\/wp-json\/wp\/v2\/posts\/20094","targetHints":{"allow":["GET"]}}],"collection":[{"href":"https:\/\/www.radiopresidenteibanez.cl\/web\/wp-json\/wp\/v2\/posts"}],"about":[{"href":"https:\/\/www.radiopresidenteibanez.cl\/web\/wp-json\/wp\/v2\/types\/post"}],"author":[{"embeddable":true,"href":"https:\/\/www.radiopresidenteibanez.cl\/web\/wp-json\/wp\/v2\/users\/2"}],"replies":[{"embeddable":true,"href":"https:\/\/www.radiopresidenteibanez.cl\/web\/wp-json\/wp\/v2\/comments?post=20094"}],"version-history":[{"count":0,"href":"https:\/\/www.radiopresidenteibanez.cl\/web\/wp-json\/wp\/v2\/posts\/20094\/revisions"}],"wp:featuredmedia":[{"embeddable":true,"href":"https:\/\/www.radiopresidenteibanez.cl\/web\/wp-json\/wp\/v2\/media\/20095"}],"wp:attachment":[{"href":"https:\/\/www.radiopresidenteibanez.cl\/web\/wp-json\/wp\/v2\/media?parent=20094"}],"wp:term":[{"taxonomy":"category","embeddable":true,"href":"https:\/\/www.radiopresidenteibanez.cl\/web\/wp-json\/wp\/v2\/categories?post=20094"},{"taxonomy":"post_tag","embeddable":true,"href":"https:\/\/www.radiopresidenteibanez.cl\/web\/wp-json\/wp\/v2\/tags?post=20094"}],"curies":[{"name":"wp","href":"https:\/\/api.w.org\/{rel}","templated":true}]}}