{"id":20092,"date":"2021-04-19T20:15:07","date_gmt":"2021-04-19T20:15:07","guid":{"rendered":"https:\/\/www.radiopresidenteibanez.cl\/web\/?p=20092"},"modified":"2021-04-19T20:15:12","modified_gmt":"2021-04-19T20:15:12","slug":"el-centro-antartico-internacional-por-ernesto-sepulveda","status":"publish","type":"post","link":"https:\/\/www.radiopresidenteibanez.cl\/web\/el-centro-antartico-internacional-por-ernesto-sepulveda\/","title":{"rendered":"\u00abEL CENTRO ANTARTICO INTERNACIONAL\u00bb por Ernesto Sep\u00falveda"},"content":{"rendered":"\n<p>&nbsp;&nbsp;&nbsp;&nbsp;&nbsp;&nbsp;&nbsp;&nbsp;&nbsp;&nbsp;&nbsp;&nbsp;&nbsp;&nbsp;&nbsp;&nbsp;&nbsp;&nbsp;&nbsp;&nbsp;&nbsp;&nbsp;&nbsp;&nbsp;&nbsp;&nbsp;&nbsp;&nbsp;&nbsp;&nbsp;&nbsp;&nbsp;&nbsp;&nbsp;&nbsp;&nbsp;&nbsp;&nbsp;&nbsp;&nbsp;&nbsp;&nbsp;&nbsp;&nbsp; Durante\nesta semana, nos enteramos en Magallanes, que la etapa de ejecuci\u00f3n del\nproyecto Centro Ant\u00e1rtico Internacional (CAI), hab\u00eda ingresado a evaluaci\u00f3n\nt\u00e9cnica en el ministerio de Desarrollo Social. Un paso largamente esperado,\npara un proyecto emblem\u00e1tico del plan de zonas extremas. El dise\u00f1o realizado\npor la oficina del prestigioso arquitecto Alberto Moletto, se adjudic\u00f3 luego de\nun concurso p\u00fablico internacional, donde participaron m\u00e1s de 70 proyectos.&nbsp; El edificio representar\u00e1 un hito\narquitect\u00f3nico en la ciudad, y constituir\u00e1 un centro de investigaci\u00f3n, donde\nconcurrir\u00e1n cientos de cient\u00edficos, tanto chilenos, como extranjeros. Se proyecta\nque prestar\u00e1 servicios a las misiones ant\u00e1rticas, de las principales potencias\ndel mundo. Sus museos, acuarios, y centro de eventos, brindar\u00e1n a la comunidad\nmagall\u00e1nica, un lugar de paseo y esparcimiento. Y constituir\u00e1 un polo de\natracci\u00f3n tur\u00edstica, y polo de desarrollo econ\u00f3mico, tal como lo son otros\ncentros, construidos tanto en Nueva Zelanda como Australia.&nbsp; &nbsp;<\/p>\n\n\n\n<p>&nbsp;&nbsp;&nbsp;&nbsp;&nbsp;&nbsp;&nbsp;&nbsp;&nbsp;&nbsp;&nbsp;&nbsp;&nbsp;&nbsp;&nbsp;&nbsp;&nbsp;&nbsp;&nbsp;&nbsp;&nbsp;&nbsp;&nbsp; El\nmecanismo de evaluaci\u00f3n econ\u00f3mica, de los proyectos del Plan de zonas extremas,\nlo ha efectuado el Ministerio de desarrollo social, bajo un enfoque de costo\neficiencia. Esto ha permitido la aprobaci\u00f3n de la totalidad de la cartera\nPEDZE. Se espera que la etapa de ejecuci\u00f3n de este proyecto, siga este mismo\ncamino.<\/p>\n\n\n\n<p>&nbsp;&nbsp;&nbsp;&nbsp;&nbsp;&nbsp;&nbsp;&nbsp;&nbsp;&nbsp;&nbsp;&nbsp;&nbsp;&nbsp;&nbsp;&nbsp;&nbsp;&nbsp;&nbsp;&nbsp;&nbsp;&nbsp;&nbsp; La\ntotalidad de la inversi\u00f3n p\u00fablica en Chile, debe cumplir con un riguroso\nprocedimiento, donde participan organismos pol\u00edticos, como el Consejo regional,\ny organismos t\u00e9cnicos como&nbsp; el Ministerio\nde desarrollo social, y las unidades formuladoras, tanto del gobierno regional,\ncomo de los ministerios sectoriales. Es a este procedimiento, que los distintos\ngobiernos, deben respeto. Constituyen la institucionalidad, que nos hemos dado\ncomo pa\u00eds, para asegurar que la inversi\u00f3n p\u00fablica, satisfaga las necesidades\nsociales, las necesidades de la poblaci\u00f3n, identificadas y descritas en cada\nproyecto.<\/p>\n\n\n\n<p>&nbsp;&nbsp;&nbsp;&nbsp;&nbsp;&nbsp;&nbsp;&nbsp;&nbsp;&nbsp;&nbsp;&nbsp;&nbsp;&nbsp;&nbsp;&nbsp;&nbsp;&nbsp;&nbsp;&nbsp;&nbsp;&nbsp;&nbsp; Esta\nno es solo preocupaci\u00f3n de bur\u00f3cratas, sino de todo ciudadano, por lo que ha\nllamado mucho la atenci\u00f3n, la opini\u00f3n emitida por la actual intendenta\nregional, quien, a prop\u00f3sito del ingreso a evaluaci\u00f3n, del proyecto CAI, ha\nmanifestado que \u201cHoy las prioridades son otras\u201d. Aludiendo a que las\nnecesidades sanitarias, y de la reactivaci\u00f3n econ\u00f3mica, har\u00edan desviar los\nrecursos de este proyecto.&nbsp; La m\u00e1xima\nautoridad regional, no tiene competencia alguna en la evaluaci\u00f3n t\u00e9cnica de\nproyectos. Constituye un serio error, el adelantar un juicio negativo acerca\ndel proyecto CAI, cuando el ministerio de desarrollo social, reci\u00e9n inicia la\nevaluaci\u00f3n t\u00e9cnica. Por otra parte, el plan de reactivaci\u00f3n econ\u00f3mica, dise\u00f1ado\npor los ministerios sectoriales en la capital, involucra inversiones\nmultimillonarias en todo el pa\u00eds. En una primera etapa se anunciaron 155 proyectos\nen todo Chile, todos de gran magnitud. Magallanes brilla por su ausencia, con\nescasos proyectos, incluso algunos ya terminados. <\/p>\n\n\n\n<p>&nbsp;&nbsp;&nbsp;&nbsp;&nbsp;&nbsp;&nbsp;&nbsp;&nbsp;&nbsp;&nbsp;&nbsp;&nbsp;&nbsp;&nbsp;&nbsp;&nbsp;&nbsp;&nbsp;&nbsp;&nbsp;&nbsp;&nbsp; A\nun mes de las elecciones de gobernador regional, no parece razonable, que la\n\u00faltima intendenta regional designada, pretenda alterar la marcha de proyectos\nque vienen en desarrollo, hace 7 a\u00f1os. Una de las tareas principales, del\nprimer gobernador electo por el voto popular, ser\u00e1 concretar la cartera de\nproyectos en ejecuci\u00f3n. Despejar nudos de gesti\u00f3n, apurar los tramites\nadministrativos. Acelerar la marcha de las licitaciones. Reducir el tiempo de\ntramitaci\u00f3n de los proyectos. Se requiere habilidades de gesti\u00f3n, pero es la\nforma mas concreta de dar respuesta, a las necesidades de la poblaci\u00f3n. <\/p>\n\n\n\n<p>&nbsp;&nbsp;&nbsp;&nbsp;&nbsp;&nbsp;&nbsp;&nbsp;&nbsp;&nbsp;&nbsp;&nbsp;&nbsp;&nbsp;&nbsp;&nbsp;&nbsp;&nbsp;&nbsp;&nbsp;&nbsp;&nbsp;&nbsp;&nbsp;&nbsp;&nbsp;&nbsp;&nbsp;&nbsp;&nbsp;&nbsp;&nbsp;&nbsp;&nbsp;&nbsp; No\nvamos a aceptar, que la construcci\u00f3n del Centro Ant\u00e1rtico Internacional, sea\ndilatada, por decisiones pol\u00edticas equivocadas. Seguiremos adelante con este\nproyecto, as\u00ed como hicimos en su momento con el CADI UMAG. Otro centro\ncient\u00edfico, construido con el Plan de zonas extremas. Ha sido fundamental, en\nel combate contra el Covid, al permitirnos realizar en Magallanes, decenas de\nmiles de an\u00e1lisis de test PCR, en su laboratorio de biolog\u00eda molecular.<\/p>\n\n\n\n<p>&nbsp;&nbsp;&nbsp;&nbsp;&nbsp;&nbsp;&nbsp;&nbsp;&nbsp;&nbsp;&nbsp;&nbsp;&nbsp;&nbsp;&nbsp;&nbsp;&nbsp;&nbsp;&nbsp;&nbsp;&nbsp;&nbsp;&nbsp;&nbsp;&nbsp;&nbsp;&nbsp;&nbsp;&nbsp;&nbsp;&nbsp;&nbsp;&nbsp;&nbsp;&nbsp; Estoy\nseguro que los magall\u00e1nicos y magall\u00e1nicas, valoran la importancia de los\nproyectos del Plan de zonas extremas, y el aporte sustantivo al desarrollo\nregional, y respaldar\u00e1n la continuidad de los proyectos PEDZE. Es la tarea bien\nhecha, obras son amores.<\/p>\n\n\n\n<p>Ernesto Sep\u00falveda Tornero<\/p>\n","protected":false},"excerpt":{"rendered":"<p>&nbsp;&nbsp;&nbsp;&nbsp;&nbsp;&nbsp;&nbsp;&nbsp;&nbsp;&nbsp;&nbsp;&nbsp;&nbsp;&nbsp;&nbsp;&nbsp;&nbsp;&nbsp;&nbsp;&nbsp;&nbsp;&nbsp;&nbsp;&nbsp;&nbsp;&nbsp;&nbsp;&nbsp;&nbsp;&nbsp;&nbsp;&nbsp;&nbsp;&nbsp;&nbsp;&nbsp;&nbsp;&nbsp;&nbsp;&nbsp;&nbsp;&nbsp;&nbsp;&nbsp; Durante esta semana, nos enteramos en Magallanes, que la etapa de ejecuci\u00f3n del proyecto Centro Ant\u00e1rtico Internacional (CAI), hab\u00eda ingresado a evaluaci\u00f3n t\u00e9cnica en el ministerio de Desarrollo Social&#8230;. <a class=\"read-more\" href=\"https:\/\/www.radiopresidenteibanez.cl\/web\/el-centro-antartico-internacional-por-ernesto-sepulveda\/\">Leer m\u00e1s<\/a><\/p>\n","protected":false},"author":2,"featured_media":2310,"comment_status":"closed","ping_status":"closed","sticky":false,"template":"","format":"standard","meta":{"footnotes":""},"categories":[1],"tags":[],"class_list":["post-20092","post","type-post","status-publish","format-standard","has-post-thumbnail","hentry","category-cronica"],"_links":{"self":[{"href":"https:\/\/www.radiopresidenteibanez.cl\/web\/wp-json\/wp\/v2\/posts\/20092","targetHints":{"allow":["GET"]}}],"collection":[{"href":"https:\/\/www.radiopresidenteibanez.cl\/web\/wp-json\/wp\/v2\/posts"}],"about":[{"href":"https:\/\/www.radiopresidenteibanez.cl\/web\/wp-json\/wp\/v2\/types\/post"}],"author":[{"embeddable":true,"href":"https:\/\/www.radiopresidenteibanez.cl\/web\/wp-json\/wp\/v2\/users\/2"}],"replies":[{"embeddable":true,"href":"https:\/\/www.radiopresidenteibanez.cl\/web\/wp-json\/wp\/v2\/comments?post=20092"}],"version-history":[{"count":0,"href":"https:\/\/www.radiopresidenteibanez.cl\/web\/wp-json\/wp\/v2\/posts\/20092\/revisions"}],"wp:featuredmedia":[{"embeddable":true,"href":"https:\/\/www.radiopresidenteibanez.cl\/web\/wp-json\/wp\/v2\/media\/2310"}],"wp:attachment":[{"href":"https:\/\/www.radiopresidenteibanez.cl\/web\/wp-json\/wp\/v2\/media?parent=20092"}],"wp:term":[{"taxonomy":"category","embeddable":true,"href":"https:\/\/www.radiopresidenteibanez.cl\/web\/wp-json\/wp\/v2\/categories?post=20092"},{"taxonomy":"post_tag","embeddable":true,"href":"https:\/\/www.radiopresidenteibanez.cl\/web\/wp-json\/wp\/v2\/tags?post=20092"}],"curies":[{"name":"wp","href":"https:\/\/api.w.org\/{rel}","templated":true}]}}