{"id":20089,"date":"2021-04-19T20:13:54","date_gmt":"2021-04-19T20:13:54","guid":{"rendered":"https:\/\/www.radiopresidenteibanez.cl\/web\/?p=20089"},"modified":"2021-04-19T20:13:59","modified_gmt":"2021-04-19T20:13:59","slug":"investigacion-de-la-pdi-y-la-fiscalia-permite-eliminar-un-punto-de-microtrafico-de-drogas-en-punta-arenas","status":"publish","type":"post","link":"https:\/\/www.radiopresidenteibanez.cl\/web\/investigacion-de-la-pdi-y-la-fiscalia-permite-eliminar-un-punto-de-microtrafico-de-drogas-en-punta-arenas\/","title":{"rendered":"INVESTIGACI\u00d3N DE LA PDI Y LA FISCAL\u00cdA PERMITE  ELIMINAR UN PUNTO DE MICROTR\u00c1FICO DE DROGAS EN PUNTA ARENAS"},"content":{"rendered":"\n<p>Tras un operativo efectuado en el sector Pueblo Unidos\nde Punta Arenas, el equipo Microtr\u00e1fico Cero (MT-0) de la Brigada\nAntinarc\u00f3ticos y Contra el Crimen Organizado de la Polic\u00eda de Investigaciones,\ndetuvo la tarde de este s\u00e1bado 17 de abril, a una imputada por infringir el\nart\u00edculo 4\u00ba de la Ley 20.000, que sanciona el tr\u00e1fico il\u00edcito de\nestupefacientes y sustancias psicotr\u00f3picas.<\/p>\n\n\n\n<p>La aprehensi\u00f3n se logr\u00f3 tras una investigaci\u00f3n que\ndata desde enero de este a\u00f1o, llevada adelante por la PDI y la unidad de\nAn\u00e1lisis Criminal y Focos Investigativos de la Fiscal\u00eda Regional Magallanes, en\nla que se determin\u00f3 que una mujer se estaba dedicando a la comercializaci\u00f3n de drogas\nen peque\u00f1as cantidades desde un domicilio ubicado en el sector sur de la ciudad.\n<\/p>\n\n\n\n<p>Tras la entrada y registro del inmueble, los\ndetectives incautaron 11,76 gramos de cannabis sativa, 6,10 gramos de\nclorhidrato de coca\u00edna, balanzas digitales, bolsas dosificadoras, adem\u00e1s de\n$53.600 pesos en efectivo. <\/p>\n\n\n\n<p>Este domingo, la mujer fue formalizada y el Juzgado de\nGarant\u00eda de Punta Arenas decret\u00f3 las medidas de arresto domiciliario nocturno,\nfirma y arraigo regional. El plazo de la investigaci\u00f3n se fij\u00f3 en 120 d\u00edas.<\/p>\n\n\n\n<p>Desde la PDI llamaron a la comunidad a seguir\ncolaborando en la entrega de antecedentes de personas que se dediquen al\nmicrotr\u00e1fico, ya que en este caso el aporte de los vecinos fue fundamental para\nla investigaci\u00f3n y lograr reducir un punto de venta de drogas. <\/p>\n","protected":false},"excerpt":{"rendered":"<p>Tras un operativo efectuado en el sector Pueblo Unidos de Punta Arenas, el equipo Microtr\u00e1fico Cero (MT-0) de la Brigada Antinarc\u00f3ticos y Contra el Crimen Organizado de la Polic\u00eda de&#8230; <a class=\"read-more\" href=\"https:\/\/www.radiopresidenteibanez.cl\/web\/investigacion-de-la-pdi-y-la-fiscalia-permite-eliminar-un-punto-de-microtrafico-de-drogas-en-punta-arenas\/\">Leer m\u00e1s<\/a><\/p>\n","protected":false},"author":2,"featured_media":20090,"comment_status":"closed","ping_status":"closed","sticky":false,"template":"","format":"standard","meta":{"footnotes":""},"categories":[1],"tags":[],"class_list":["post-20089","post","type-post","status-publish","format-standard","has-post-thumbnail","hentry","category-cronica"],"_links":{"self":[{"href":"https:\/\/www.radiopresidenteibanez.cl\/web\/wp-json\/wp\/v2\/posts\/20089","targetHints":{"allow":["GET"]}}],"collection":[{"href":"https:\/\/www.radiopresidenteibanez.cl\/web\/wp-json\/wp\/v2\/posts"}],"about":[{"href":"https:\/\/www.radiopresidenteibanez.cl\/web\/wp-json\/wp\/v2\/types\/post"}],"author":[{"embeddable":true,"href":"https:\/\/www.radiopresidenteibanez.cl\/web\/wp-json\/wp\/v2\/users\/2"}],"replies":[{"embeddable":true,"href":"https:\/\/www.radiopresidenteibanez.cl\/web\/wp-json\/wp\/v2\/comments?post=20089"}],"version-history":[{"count":0,"href":"https:\/\/www.radiopresidenteibanez.cl\/web\/wp-json\/wp\/v2\/posts\/20089\/revisions"}],"wp:featuredmedia":[{"embeddable":true,"href":"https:\/\/www.radiopresidenteibanez.cl\/web\/wp-json\/wp\/v2\/media\/20090"}],"wp:attachment":[{"href":"https:\/\/www.radiopresidenteibanez.cl\/web\/wp-json\/wp\/v2\/media?parent=20089"}],"wp:term":[{"taxonomy":"category","embeddable":true,"href":"https:\/\/www.radiopresidenteibanez.cl\/web\/wp-json\/wp\/v2\/categories?post=20089"},{"taxonomy":"post_tag","embeddable":true,"href":"https:\/\/www.radiopresidenteibanez.cl\/web\/wp-json\/wp\/v2\/tags?post=20089"}],"curies":[{"name":"wp","href":"https:\/\/api.w.org\/{rel}","templated":true}]}}