{"id":20086,"date":"2021-04-19T20:12:22","date_gmt":"2021-04-19T20:12:22","guid":{"rendered":"https:\/\/www.radiopresidenteibanez.cl\/web\/?p=20086"},"modified":"2021-04-19T20:12:27","modified_gmt":"2021-04-19T20:12:27","slug":"20-mujeres-de-la-red-prodemu-se-capacitaron-en-el-oficio-de-prevencion-de-riesgos-en-manipulacion-de-alimentos","status":"publish","type":"post","link":"https:\/\/www.radiopresidenteibanez.cl\/web\/20-mujeres-de-la-red-prodemu-se-capacitaron-en-el-oficio-de-prevencion-de-riesgos-en-manipulacion-de-alimentos\/","title":{"rendered":"20 MUJERES DE LA RED PRODEMU SE CAPACITARON EN EL OFICIO  DE PREVENCI\u00d3N DE RIESGOS EN MANIPULACI\u00d3N DE ALIMENTOS"},"content":{"rendered":"\n<p>Gracias a un\nconvenio entre el Ministerio de Desarrollo Social y Familia y PRODEMU,\nfundaci\u00f3n para desarrollo y promoci\u00f3n de la mujer que preside la Primera Dama,\nCecilia Morel, 20 mujeres de Punta Arenas potenciaron su autonom\u00eda\na trav\u00e9s del programa Desarrollo de Competencias Laborales\n(DCL), en el que se capacitaron en el oficio de prevenci\u00f3n de riesgos en\nmanipulaci\u00f3n de alimentos. <\/p>\n\n\n\n<p>Durante un mes, se les\nentregaron competencias b\u00e1sicas de empleabilidad, capacitaci\u00f3n en oficio e\nintermediaci\u00f3n laboral, entendido como un conjunto de acciones dirigidas a\nacercar la demanda y oferta de empleo, y redes que potencien el emprendimiento.\n<\/p>\n\n\n\n<p>La seremi de\nDesarrollo Social y Familia, Liz Casanueva, manifest\u00f3 que \u201cestamos muy\ncontentos que por un a\u00f1o m\u00e1s se realice este tremendo convenio. Hoy\ncertificamos a 20 mujeres, que con mucho esfuerzo y constancia han estado\ntrabajando en estos talleres, y adem\u00e1s de la capacitaci\u00f3n se les entregaron\nimplementos para poder emprender de una manera mucho m\u00e1s segura en este tipo de\niniciativas\u201d.<\/p>\n\n\n\n<p>Tras la entrega de\ncertificados y de un malet\u00edn con indumentaria en el oficio a desarrollar, la\ndirectora de PRODEMU, Gabriela S\u00e1nchez Ca\u00f1ete se\u00f1al\u00f3 que \u201ceste programa\ndise\u00f1ado en el contexto del convenio de colaboraci\u00f3n con Desarrollo Social y\nFamilia, es un potente espacio formativo vinculante a la pol\u00edtica p\u00fablica de\napoyar la empleabilidad en segmentos de mayor vulnerabilidad. Hoy, finalizado\neste proceso formativo de capacitaci\u00f3n t\u00e9cnica y de empoderamiento, nos da\nmucha satisfacci\u00f3n ver en ellas mayores grados de empoderamiento, de mayor\nproyecci\u00f3n laboral y de caminos de mejora e innovaci\u00f3n de sus negocios\u201d.<\/p>\n\n\n\n<p><strong>Testimonios<\/strong><\/p>\n\n\n\n<p>Carolina Trivi\u00f1o\nRiquelme una de las mujeres de la Red PRODEMU que particip\u00f3 en el programa,\nagradeci\u00f3 la oportunidad de haber podido ingresar al curso. <\/p>\n\n\n\n<p>\u201cPara m\u00ed fue muy\nsatisfactorio y muy bueno el aprendizaje. Considero que es una iniciativa muy\nbuena para las mujeres, para que as\u00ed nos empoderemos y podamos salir adelante.\nTengo varios proyectos gracias a esto, me gust\u00f3, y contamos con el apoyo de \u00c9rica\nUlloa y la profesora tambi\u00e9n fue muy din\u00e1mica en las clases. Me voy contenta y\nle digo a las personas que, si tienen la posibilidad de hacer un curso por\nPRODEMU lo aprovechen, porque es una oportunidad que se da una sola vez en la\nvida\u201d.<\/p>\n\n\n\n<p>Mientras que Sandra\nNenen Guineo, madre de tres hijos, dijo que \u201cel curso para m\u00ed fue muy bueno y\nme va a servir como herramienta de trabajo. Adem\u00e1s, realizarlo de manera online\nfue todo un desaf\u00edo, ya que no ten\u00eda mucho conocimiento en esa \u00e1rea. Fue una\ngran iniciativa en lo personal y tambi\u00e9n para mis compa\u00f1eras\u201d.<\/p>\n","protected":false},"excerpt":{"rendered":"<p>Gracias a un convenio entre el Ministerio de Desarrollo Social y Familia y PRODEMU, fundaci\u00f3n para desarrollo y promoci\u00f3n de la mujer que preside la Primera Dama, Cecilia Morel, 20&#8230; <a class=\"read-more\" href=\"https:\/\/www.radiopresidenteibanez.cl\/web\/20-mujeres-de-la-red-prodemu-se-capacitaron-en-el-oficio-de-prevencion-de-riesgos-en-manipulacion-de-alimentos\/\">Leer m\u00e1s<\/a><\/p>\n","protected":false},"author":2,"featured_media":20087,"comment_status":"closed","ping_status":"closed","sticky":false,"template":"","format":"standard","meta":{"footnotes":""},"categories":[1],"tags":[],"class_list":["post-20086","post","type-post","status-publish","format-standard","has-post-thumbnail","hentry","category-cronica"],"_links":{"self":[{"href":"https:\/\/www.radiopresidenteibanez.cl\/web\/wp-json\/wp\/v2\/posts\/20086","targetHints":{"allow":["GET"]}}],"collection":[{"href":"https:\/\/www.radiopresidenteibanez.cl\/web\/wp-json\/wp\/v2\/posts"}],"about":[{"href":"https:\/\/www.radiopresidenteibanez.cl\/web\/wp-json\/wp\/v2\/types\/post"}],"author":[{"embeddable":true,"href":"https:\/\/www.radiopresidenteibanez.cl\/web\/wp-json\/wp\/v2\/users\/2"}],"replies":[{"embeddable":true,"href":"https:\/\/www.radiopresidenteibanez.cl\/web\/wp-json\/wp\/v2\/comments?post=20086"}],"version-history":[{"count":0,"href":"https:\/\/www.radiopresidenteibanez.cl\/web\/wp-json\/wp\/v2\/posts\/20086\/revisions"}],"wp:featuredmedia":[{"embeddable":true,"href":"https:\/\/www.radiopresidenteibanez.cl\/web\/wp-json\/wp\/v2\/media\/20087"}],"wp:attachment":[{"href":"https:\/\/www.radiopresidenteibanez.cl\/web\/wp-json\/wp\/v2\/media?parent=20086"}],"wp:term":[{"taxonomy":"category","embeddable":true,"href":"https:\/\/www.radiopresidenteibanez.cl\/web\/wp-json\/wp\/v2\/categories?post=20086"},{"taxonomy":"post_tag","embeddable":true,"href":"https:\/\/www.radiopresidenteibanez.cl\/web\/wp-json\/wp\/v2\/tags?post=20086"}],"curies":[{"name":"wp","href":"https:\/\/api.w.org\/{rel}","templated":true}]}}