{"id":20083,"date":"2021-04-19T20:11:02","date_gmt":"2021-04-19T20:11:02","guid":{"rendered":"https:\/\/www.radiopresidenteibanez.cl\/web\/?p=20083"},"modified":"2021-04-19T20:11:08","modified_gmt":"2021-04-19T20:11:08","slug":"subsecretario-villarreal-presenta-libro-y-podcast-sobre-cultura-kawesqar-que-llegaran-a-escuelas-municipales-de-punta-arenas","status":"publish","type":"post","link":"https:\/\/www.radiopresidenteibanez.cl\/web\/subsecretario-villarreal-presenta-libro-y-podcast-sobre-cultura-kawesqar-que-llegaran-a-escuelas-municipales-de-punta-arenas\/","title":{"rendered":"SUBSECRETARIO VILLARREAL PRESENTA LIBRO Y PODCAST SOBRE CULTURA KAW\u00c9SQAR QUE LLEGAR\u00c1N A ESCUELAS MUNICIPALES DE PUNTA ARENAS"},"content":{"rendered":"\n<p>Simbolizando el compromiso del Ministerio de Desarrollo Social y Familia con los pueblos originarios, el Subsecretario de Servicios Sociales, Sebasti\u00e1n Villarreal, hizo entrega a la Escuela Pedro Sarmiento de Gamboa del primer ejemplar del libro \u201cGente de los canales. Relatos de vida de los Kaw\u00e9sqar\u201d, que recopila narraciones y rescata la cultura de uno de los pueblos originarios de la Patagonia Occidental, y que llegar\u00e1 a las escuelas municipales de Punta Arenas.<\/p>\n\n\n\n<p>El texto, financiado por la Corporaci\u00f3n Nacional de Desarrollo Ind\u00edgena (CONADI), est\u00e1 escrito por el etnoling\u00fcista \u00d3scar Aguilera y el investigador y asistente social Jos\u00e9 Tonko, quienes dieron vida a historias de habitantes kaw\u00e9sqar, a trav\u00e9s de una transcripci\u00f3n ortogr\u00e1fica que utiliza el alfabeto oficial kaw\u00e9sqar y una traducci\u00f3n al espa\u00f1ol, a partir del extenso trabajo recopilado entre 2010 y 2014 con los \u00faltimos narradores de la comunidad ind\u00edgena radicada de Puerto Ed\u00e9n.<\/p>\n\n\n\n<p>\u201cEstamos lanzando el formato impreso de este libro realizado por destacados investigadores y que surgi\u00f3 como una iniciativa creada y financiada por CONADI, para ser entregada a las bibliotecas de los establecimientos municipales de la comuna, para que pueda servir como material de investigaci\u00f3n de una cultura que ha sido poco explorada\u201d, se\u00f1al\u00f3 el Subsecretario Villarreal.<\/p>\n\n\n\n<p>En compa\u00f1\u00eda de los Seremis de Desarrollo Social y Familia, Liz Casanueva, y de Educaci\u00f3n, Rodrigo Sep\u00falveda, junto a la Jefa de la Oficina de Asuntos Ind\u00edgenas de CONADI en Punta Arenas, Carolina Avenda\u00f1o, la autoridad reconoci\u00f3 el trabajo de los autores Jos\u00e9 Tonko y \u00d3scar Aguilera, \u201cquienes se han dedicado a ense\u00f1arnos sobre este pueblo que habita la Patagonia Occidental hace casi 6 mil a\u00f1os, a trav\u00e9s del rescate de narraciones, que se convertir\u00e1n en herencia cultural para las futuras generaciones\u201d.<\/p>\n\n\n\n<p>Por su parte, la Directora del establecimiento educacional, Graciela Illanes, manifest\u00f3 que \u201ces un honor saber que nuestra escuela ha sido escogida para presentar este libro, hecho que de cierta manera premia el esfuerzo de toda nuestra comunidad, la que se encuentra realizando clases presenciales y tambi\u00e9n de forma online. Este trabajo se ha logrado gracias al profesionalismo de nuestros docentes y asistentes, y a la gran confianza que han depositado los padres en la educaci\u00f3n impartida en el establecimiento\u201d.<\/p>\n\n\n\n<p>La Jefa de la Oficina de Asuntos Ind\u00edgenas de CONADI, Carolina Avenda\u00f1o, en tanto, explic\u00f3 que \u201ceste libro fue financiado a trav\u00e9s del programa de Difusi\u00f3n Cultural de los Pueblos Ind\u00edgenas, lo que nos ha permitido desarrollar proyectos de rescate, producci\u00f3n, promoci\u00f3n, difusi\u00f3n y fortalecimiento de las costumbres y tradiciones culturales de Magallanes. Esperamos seguir entregando este tipo de material cultural para contribuir en acercar la historia y la lengua de los pueblos ind\u00edgenas a toda la sociedad y especialmente a los ni\u00f1os y ni\u00f1as\u201d.<\/p>\n\n\n\n<p>Otra de las iniciativas desarrolladas por los autores son los podcasts sobre tres cuentos extra\u00eddos del libro \u201cColecci\u00f3n de Cuentos Kaw\u00e9sqar\u201d, destinados a la educaci\u00f3n b\u00e1sica y media con el objetivo de dar a conocer este instrumento de ense\u00f1anza oral para proveer informaci\u00f3n a los ni\u00f1os sobre temas como el origen del sol, la luna, los h\u00e9roes m\u00edticos, y otros.<\/p>\n\n\n\n<p>Tanto el libro como los podcasts se encuentran disponibles para descargar en el sitio web de CONADI:&nbsp;<a href=\"http:\/\/www.conadi.gob.cl\/\" target=\"_blank\" rel=\"noreferrer noopener\">www.conadi.gob.cl<\/a>.<br><\/p>\n","protected":false},"excerpt":{"rendered":"<p>Simbolizando el compromiso del Ministerio de Desarrollo Social y Familia con los pueblos originarios, el Subsecretario de Servicios Sociales, Sebasti\u00e1n Villarreal, hizo entrega a la Escuela Pedro Sarmiento de Gamboa&#8230; <a class=\"read-more\" href=\"https:\/\/www.radiopresidenteibanez.cl\/web\/subsecretario-villarreal-presenta-libro-y-podcast-sobre-cultura-kawesqar-que-llegaran-a-escuelas-municipales-de-punta-arenas\/\">Leer m\u00e1s<\/a><\/p>\n","protected":false},"author":2,"featured_media":20084,"comment_status":"closed","ping_status":"closed","sticky":false,"template":"","format":"standard","meta":{"footnotes":""},"categories":[1],"tags":[],"class_list":["post-20083","post","type-post","status-publish","format-standard","has-post-thumbnail","hentry","category-cronica"],"_links":{"self":[{"href":"https:\/\/www.radiopresidenteibanez.cl\/web\/wp-json\/wp\/v2\/posts\/20083","targetHints":{"allow":["GET"]}}],"collection":[{"href":"https:\/\/www.radiopresidenteibanez.cl\/web\/wp-json\/wp\/v2\/posts"}],"about":[{"href":"https:\/\/www.radiopresidenteibanez.cl\/web\/wp-json\/wp\/v2\/types\/post"}],"author":[{"embeddable":true,"href":"https:\/\/www.radiopresidenteibanez.cl\/web\/wp-json\/wp\/v2\/users\/2"}],"replies":[{"embeddable":true,"href":"https:\/\/www.radiopresidenteibanez.cl\/web\/wp-json\/wp\/v2\/comments?post=20083"}],"version-history":[{"count":0,"href":"https:\/\/www.radiopresidenteibanez.cl\/web\/wp-json\/wp\/v2\/posts\/20083\/revisions"}],"wp:featuredmedia":[{"embeddable":true,"href":"https:\/\/www.radiopresidenteibanez.cl\/web\/wp-json\/wp\/v2\/media\/20084"}],"wp:attachment":[{"href":"https:\/\/www.radiopresidenteibanez.cl\/web\/wp-json\/wp\/v2\/media?parent=20083"}],"wp:term":[{"taxonomy":"category","embeddable":true,"href":"https:\/\/www.radiopresidenteibanez.cl\/web\/wp-json\/wp\/v2\/categories?post=20083"},{"taxonomy":"post_tag","embeddable":true,"href":"https:\/\/www.radiopresidenteibanez.cl\/web\/wp-json\/wp\/v2\/tags?post=20083"}],"curies":[{"name":"wp","href":"https:\/\/api.w.org\/{rel}","templated":true}]}}