{"id":2008,"date":"2019-03-07T14:22:32","date_gmt":"2019-03-07T14:22:32","guid":{"rendered":"http:\/\/www.radiopresidenteibanez.cl\/web\/?p=2008"},"modified":"2019-03-07T14:22:47","modified_gmt":"2019-03-07T14:22:47","slug":"comandante-en-jefe-de-la-iva-brigada-aerea-realizo-saludo-protocolar-a-intendente-jose-fernandez-dubrock","status":"publish","type":"post","link":"https:\/\/www.radiopresidenteibanez.cl\/web\/comandante-en-jefe-de-la-iva-brigada-aerea-realizo-saludo-protocolar-a-intendente-jose-fernandez-dubrock\/","title":{"rendered":"COMANDANTE EN JEFE DE LA IVa BRIGADA A\u00c9REA REALIZ\u00d3 SALUDO PROTOCOLAR A INTENDENTE JOS\u00c9 FERN\u00c1NDEZ D\u00dcBROCK"},"content":{"rendered":"\n<p>Tras la nueva designaci\u00f3n como Intendente de la regi\u00f3n de\nMagallanes y Ant\u00e1rtica Chilena, de Jos\u00e9 Fern\u00e1ndez D\u00fabrock, el Comandante en\nJefe de la IV<sup>a<\/sup> Brigada A\u00e9rea, General de Brigada (A) Eduardo\nMosqueira Cruz entreg\u00f3 un saludo protocolar a la nueva autoridad de la regi\u00f3n.<\/p>\n\n\n\n<p>En el marco de este primer encuentro se abordaron temas de desarrollo regional y trabajo mancomunado entre la Fuerza A\u00e9rea de Chile y la Intendencia Regional.<\/p>\n\n\n\n<figure class=\"wp-block-image\"><img loading=\"lazy\" decoding=\"async\" width=\"900\" height=\"649\" src=\"https:\/\/www.radiopresidenteibanez.cl\/web\/wp-content\/uploads\/2019\/03\/DSC_0205.jpg\" alt=\"\" class=\"wp-image-2009\" srcset=\"https:\/\/www.radiopresidenteibanez.cl\/web\/wp-content\/uploads\/2019\/03\/DSC_0205.jpg 900w, https:\/\/www.radiopresidenteibanez.cl\/web\/wp-content\/uploads\/2019\/03\/DSC_0205-300x216.jpg 300w, https:\/\/www.radiopresidenteibanez.cl\/web\/wp-content\/uploads\/2019\/03\/DSC_0205-768x554.jpg 768w\" sizes=\"auto, (max-width: 900px) 100vw, 900px\" \/><\/figure>\n","protected":false},"excerpt":{"rendered":"<p>Tras la nueva designaci\u00f3n como Intendente de la regi\u00f3n de Magallanes y Ant\u00e1rtica Chilena, de Jos\u00e9 Fern\u00e1ndez D\u00fabrock, el Comandante en Jefe de la IVa Brigada A\u00e9rea, General de Brigada&#8230; <a class=\"read-more\" href=\"https:\/\/www.radiopresidenteibanez.cl\/web\/comandante-en-jefe-de-la-iva-brigada-aerea-realizo-saludo-protocolar-a-intendente-jose-fernandez-dubrock\/\">Leer m\u00e1s<\/a><\/p>\n","protected":false},"author":2,"featured_media":2010,"comment_status":"closed","ping_status":"closed","sticky":false,"template":"","format":"standard","meta":{"footnotes":""},"categories":[1],"tags":[],"class_list":["post-2008","post","type-post","status-publish","format-standard","has-post-thumbnail","hentry","category-cronica"],"_links":{"self":[{"href":"https:\/\/www.radiopresidenteibanez.cl\/web\/wp-json\/wp\/v2\/posts\/2008","targetHints":{"allow":["GET"]}}],"collection":[{"href":"https:\/\/www.radiopresidenteibanez.cl\/web\/wp-json\/wp\/v2\/posts"}],"about":[{"href":"https:\/\/www.radiopresidenteibanez.cl\/web\/wp-json\/wp\/v2\/types\/post"}],"author":[{"embeddable":true,"href":"https:\/\/www.radiopresidenteibanez.cl\/web\/wp-json\/wp\/v2\/users\/2"}],"replies":[{"embeddable":true,"href":"https:\/\/www.radiopresidenteibanez.cl\/web\/wp-json\/wp\/v2\/comments?post=2008"}],"version-history":[{"count":0,"href":"https:\/\/www.radiopresidenteibanez.cl\/web\/wp-json\/wp\/v2\/posts\/2008\/revisions"}],"wp:featuredmedia":[{"embeddable":true,"href":"https:\/\/www.radiopresidenteibanez.cl\/web\/wp-json\/wp\/v2\/media\/2010"}],"wp:attachment":[{"href":"https:\/\/www.radiopresidenteibanez.cl\/web\/wp-json\/wp\/v2\/media?parent=2008"}],"wp:term":[{"taxonomy":"category","embeddable":true,"href":"https:\/\/www.radiopresidenteibanez.cl\/web\/wp-json\/wp\/v2\/categories?post=2008"},{"taxonomy":"post_tag","embeddable":true,"href":"https:\/\/www.radiopresidenteibanez.cl\/web\/wp-json\/wp\/v2\/tags?post=2008"}],"curies":[{"name":"wp","href":"https:\/\/api.w.org\/{rel}","templated":true}]}}