{"id":20079,"date":"2021-04-17T03:45:00","date_gmt":"2021-04-17T03:45:00","guid":{"rendered":"https:\/\/www.radiopresidenteibanez.cl\/web\/?p=20079"},"modified":"2021-04-16T18:33:05","modified_gmt":"2021-04-16T18:33:05","slug":"fondos-del-ministerio-de-las-culturas-beneficiaran-con-mas-de-189-millones-a-diez-proyectos-en-magallanes-y-antartica-chilena","status":"publish","type":"post","link":"https:\/\/www.radiopresidenteibanez.cl\/web\/fondos-del-ministerio-de-las-culturas-beneficiaran-con-mas-de-189-millones-a-diez-proyectos-en-magallanes-y-antartica-chilena\/","title":{"rendered":"FONDOS DEL MINISTERIO DE LAS CULTURAS BENEFICIAR\u00c1N CON M\u00c1S DE $189 MILLONES A DIEZ PROYECTOS EN MAGALLANES Y ANT\u00c1RTICA CHILENA"},"content":{"rendered":"\n<p>El Ministerio de las Culturas, las Artes y el Patrimonio anuncia la entrega de recursos in\u00e9ditos para el sector patrimonial. Este a\u00f1o, los financiamientos dirigidos a instituciones, organizaciones y proyectos del \u00e1rea alcanzar\u00e1n la cifra hist\u00f3rica de m\u00e1s de $9 mil millones, duplic\u00e1ndose respecto de 2020.&nbsp;<\/p>\n\n\n\n<p>Los recursos ampl\u00edan sustancialmente el apoyo para museos, bibliotecas, sitios de patrimonio mundial y organizaciones con foco en la promoci\u00f3n y salvaguardia del patrimonio material e inmaterial.<\/p>\n\n\n\n<p>\u00abGracias a este importante aumento podremos ayudar a reactivar con m\u00e1s fuerza al sector patrimonial\u00bb, explica la ministra de las Culturas, las Artes y el Patrimonio, Consuelo Vald\u00e9s, quien agrega: \u201cSolo con los resultados del Fondo del Patrimonio Cultural, que damos a conocer hoy, aumentamos de 41 a 220 los proyectos seleccionados entre 2020 y 2021. La diversidad y originalidad de las propuestas apoyadas aportar\u00e1n un mayor y m\u00e1s profundo conocimiento de nuestra identidad y su cultura\u201d.<\/p>\n\n\n\n<p>La secretaria de Estado puntualiz\u00f3 que \u201cgracias a estas convocatorias se ayudar\u00e1 a reactivar el sector patrimonial y se desarrollar\u00e1n proyectos tan diversos como el registro de festividades ancestrales con sus ceremonias, recopilaci\u00f3n de cuentos y leyendas, estudios de barrios industriales y residenciales, rescate y registro de colecciones fotogr\u00e1ficas, audiovisuales, documentales, entre otros\u201d.<\/p>\n\n\n\n<p>El aumento del monto global, gracias a los Fondos de Emergencia para el patrimonio ($4.550 millones), permitir\u00e1 el crecimiento de los presupuestos de los fondos de Mejoramiento Integral de Museos, de Mejoramiento Integral de Bibliotecas P\u00fablicas, de Patrimonio Cultural y de Sitios de Patrimonio Mundial. Adem\u00e1s, considera la creaci\u00f3n del Fondo de Fortalecimiento a Organizaciones Patrimoniales (que contar\u00e1 con $1.400 millones). Todo lo anterior permitir\u00e1 disponer por primera vez de cinco fondos y aumentar el presupuesto dirigido al patrimonio este 2021.<\/p>\n\n\n\n<p><strong>Resultados Fondo del Patrimonio Cultural<\/strong><\/p>\n\n\n\n<p>La Secretaria Regional Ministerial de las Culturas, las Artes y el Patrimonio, Katherine Ibacache Calder\u00f3n destac\u00f3 \u201cel gran respaldo de la institucionalidad a aquellas iniciativas que van tras el rescate y salvaguarda de pr\u00e1cticas y experiencias diversas del patrimonio en Magallanes. Los proyectos seleccionados en la regi\u00f3n, que consideran una amplia cobertura territorial, est\u00e1n orientados a la investigaci\u00f3n, identificaci\u00f3n de registro, dise\u00f1o de material did\u00e1ctico y habilitaci\u00f3n de espacios vinculados al patrimonio de pueblos originarios\u201d.<\/p>\n\n\n\n<p>El anuncio de los resultados de este fondo corresponde a una primera entrega de los m\u00e1s de $9 mil millones comprometidos. La convocatoria 2020 del Fondo del Patrimonio Cultural beneficiar\u00e1 con cerca de $4 mil millones a 220 proyectos patrimoniales, con lo que se quintuplica el n\u00famero de iniciativas seleccionadas en relaci\u00f3n a la versi\u00f3n anterior. Los resultados permitir\u00e1n apoyar a proyectos de las 16 regiones del pa\u00eds, ampliando la cobertura regional respecto a a\u00f1os anteriores.<\/p>\n\n\n\n<p>Las l\u00edneas de financiamiento de la convocatoria 2020 consideraron montos m\u00e1ximos de entre $15 y $70 millones y se ampliaron respecto a convocatorias anteriores: adem\u00e1s de considerar obras de intervenci\u00f3n en inmuebles con valor patrimonial o vinculados a comunidades de patrimonio inmaterial, se sumaron otras modalidades tales como proyectos de investigaci\u00f3n y\/o promoci\u00f3n del patrimonio cultural y actividades enmarcadas en la educaci\u00f3n no formal.<\/p>\n\n\n\n<p><strong>\u00c1mbito regional<\/strong><\/p>\n\n\n\n<p>A nivel regional, se registraron 10 proyectos ganadores que en su conjunto suman recursos por m\u00e1s de 189 millones de pesos.<\/p>\n\n\n\n<p>En la submodalidad \u201cIntervenci\u00f3n en inmuebles inherentes a un elemento del Patrimonio Cultural Inmaterial, incluyendo aquellos vinculados al patrimonio de los pueblos ind\u00edgenas\u201d, se adjudicaron recursos al proyecto<strong>&nbsp;\u201c<\/strong>Habilitaci\u00f3n Espacio Productivo y Educacional Cesteras Yaganes Lom Sapakuta\u201d de Fundaci\u00f3n ProCultura.<\/p>\n\n\n\n<p>En tanto, en la submodalidad \u201cInvestigaciones sobre el Patrimonio Cultural\u201d resultaron favorecidos los proyectos \u201cPatrimonio Torrepainino, 40 a\u00f1os viviendo cultura\u201d presentado por la Municipalidad de Torres del Paine y \u201cEntre l\u00edneas y puntos: comunicaci\u00f3n e intercambio de informaci\u00f3n a partir del estudio del arte rupestre de las provincias de Magallanes y \u00daltima Esperanza\u201d, de Camila Mu\u00f1oz Soto.<\/p>\n\n\n\n<p>La submodalidad \u201cIdentificaci\u00f3n, registro y levantamiento de Patrimonio Cultural\u201d concentr\u00f3 la mayor\u00eda de las iniciativas ganadoras con los proyectos \u201cLa ciudad de los c\u00e9sares: el origen austral de una leyenda\u201d, presentado por el Centro de Investigaci\u00f3n para la Conservaci\u00f3n de los Ecosistemas Australes (Centro Icea); \u201cArquitectura y pr\u00e1cticas funerarias chilotas en el Cementerio Municipal de Punta Arenas\u201d de Rodrigo Gonz\u00e1lez Vivar; \u201cColecci\u00f3n paleontol\u00f3gica del Instituto de la Patagonia. Identificaci\u00f3n y registro de material fosil\u00edfero como patrimonio cultural para la Regi\u00f3n de Magallanes\u201d, desarrollado por la Universidad de Magallanes, y \u201cDocumentaci\u00f3n y Levantamiento Arquitect\u00f3nico del Ex Ret\u00e9n de Carabineros de Puerto Navarino, Comuna Cabo de Hornos\u201d, a cargo de Pilar Fern\u00e1ndez Hechenleitner.<\/p>\n\n\n\n<p>Tambi\u00e9n se entregaron recursos para el dise\u00f1o y publicaci\u00f3n de material did\u00e1ctico y actividades de educaci\u00f3n no formal a los proyectos \u201cPropuesta Educativa, Did\u00e1ctica y L\u00fadica sobre el Monumento Hist\u00f3rico y Arqueol\u00f3gico Cueva de Pali Aike\u201d de Sybila Aravena Rivera; \u201cActividades Did\u00e1cticas para la Promoci\u00f3n y Salvaguarda del Patrimonio Paleontol\u00f3gico, Arqueol\u00f3gico y de Vida Rural de la Comuna de Torres Del Paine\u201d presentado por la Fundaci\u00f3n para la Investigaci\u00f3n y Desarrollo Territoria, y \u201cDe Punta a Punta ampliando el Estrecho. Implementando una experiencia de Educaci\u00f3n Patrimonial Remota\u201d iniciativa de Patagonia Hist\u00f3rica S.A.<\/p>\n\n\n\n<p><strong>Los otros fondos<\/strong><\/p>\n\n\n\n<p>Para los otros fondos se ampliar\u00e1 el universo de beneficiados de las convocatorias 2021 ya en marcha o se realizar\u00e1n nuevas convocatorias dependiendo el fondo espec\u00edfico.<\/p>\n\n\n\n<p>El nuevo Fondo de Fortalecimiento a Organizaciones Patrimoniales Privadas ($1.400 millones), que abrir\u00e1 su convocatoria durante abril, ayudar\u00e1 a financiar gastos operacionales, los que se han visto gravemente afectados producto de la pandemia y de la reducci\u00f3n de visitantes e ingresos por entradas.<\/p>\n\n\n\n<p>La apertura de subsidios para Sitios de Patrimonio Mundial y para el Fondo de Fortalecimiento a Organizaciones Patrimoniales Privadas se har\u00e1 este mes de abril. El Fondo de Mejoramiento Integral de Museos se encuentra actualmente con su segunda convocatoria abierta, mientras que el dirigido a las Bibliotecas tendr\u00e1 un segundo llamado el mes de mayo.<\/p>\n\n\n\n<p>M\u00e1s detalle sobre cada fondo en&nbsp;<a href=\"https:\/\/www.patrimoniocultural.gob.cl\/portal\/99214\" target=\"_blank\" rel=\"noreferrer noopener\">https:\/\/www.patrimoniocultural.gob.cl\/portal\/99214<\/a><\/p>\n","protected":false},"excerpt":{"rendered":"<p>El Ministerio de las Culturas, las Artes y el Patrimonio anuncia la entrega de recursos in\u00e9ditos para el sector patrimonial. Este a\u00f1o, los financiamientos dirigidos a instituciones, organizaciones y proyectos&#8230; <a class=\"read-more\" href=\"https:\/\/www.radiopresidenteibanez.cl\/web\/fondos-del-ministerio-de-las-culturas-beneficiaran-con-mas-de-189-millones-a-diez-proyectos-en-magallanes-y-antartica-chilena\/\">Leer m\u00e1s<\/a><\/p>\n","protected":false},"author":2,"featured_media":740,"comment_status":"closed","ping_status":"closed","sticky":false,"template":"","format":"standard","meta":{"footnotes":""},"categories":[1],"tags":[],"class_list":["post-20079","post","type-post","status-publish","format-standard","has-post-thumbnail","hentry","category-cronica"],"_links":{"self":[{"href":"https:\/\/www.radiopresidenteibanez.cl\/web\/wp-json\/wp\/v2\/posts\/20079","targetHints":{"allow":["GET"]}}],"collection":[{"href":"https:\/\/www.radiopresidenteibanez.cl\/web\/wp-json\/wp\/v2\/posts"}],"about":[{"href":"https:\/\/www.radiopresidenteibanez.cl\/web\/wp-json\/wp\/v2\/types\/post"}],"author":[{"embeddable":true,"href":"https:\/\/www.radiopresidenteibanez.cl\/web\/wp-json\/wp\/v2\/users\/2"}],"replies":[{"embeddable":true,"href":"https:\/\/www.radiopresidenteibanez.cl\/web\/wp-json\/wp\/v2\/comments?post=20079"}],"version-history":[{"count":0,"href":"https:\/\/www.radiopresidenteibanez.cl\/web\/wp-json\/wp\/v2\/posts\/20079\/revisions"}],"wp:featuredmedia":[{"embeddable":true,"href":"https:\/\/www.radiopresidenteibanez.cl\/web\/wp-json\/wp\/v2\/media\/740"}],"wp:attachment":[{"href":"https:\/\/www.radiopresidenteibanez.cl\/web\/wp-json\/wp\/v2\/media?parent=20079"}],"wp:term":[{"taxonomy":"category","embeddable":true,"href":"https:\/\/www.radiopresidenteibanez.cl\/web\/wp-json\/wp\/v2\/categories?post=20079"},{"taxonomy":"post_tag","embeddable":true,"href":"https:\/\/www.radiopresidenteibanez.cl\/web\/wp-json\/wp\/v2\/tags?post=20079"}],"curies":[{"name":"wp","href":"https:\/\/api.w.org\/{rel}","templated":true}]}}