{"id":20066,"date":"2021-04-16T17:33:10","date_gmt":"2021-04-16T17:33:10","guid":{"rendered":"https:\/\/www.radiopresidenteibanez.cl\/web\/?p=20066"},"modified":"2021-04-16T17:33:15","modified_gmt":"2021-04-16T17:33:15","slug":"con-voto-a-favor-de-la-diputada-amar-se-aprobo-proyecto-del-tercer-retiro-del-10","status":"publish","type":"post","link":"https:\/\/www.radiopresidenteibanez.cl\/web\/con-voto-a-favor-de-la-diputada-amar-se-aprobo-proyecto-del-tercer-retiro-del-10\/","title":{"rendered":"CON VOTO A FAVOR DE LA DIPUTADA AMAR SE APROB\u00d3 PROYECTO DEL TERCER RETIRO DEL 10%"},"content":{"rendered":"\n<p>Con el voto a favor de la\nDiputada Sandra Amar, la C\u00e1mara de Diputados aprob\u00f3 el proyecto de ley, que\nbusca que los chilenos puedan retirar por tercera vez el 10% desde sus\nAdministradoras de Fondos de Pensiones, AFP.<\/p>\n\n\n\n<p>Al respecto, la Diputada Amar\nafirm\u00f3 que \u201cera de total justicia el aprobar este tercer retiro, manteniendo mi\npostura original, que se viene dando desde la primera oportunidad en que\ntuvimos que revisar una iniciativa de este tipo\u201d.<\/p>\n\n\n\n<p>Adem\u00e1s, explic\u00f3 que este proyecto\nera necesario que fuese aprobado porque muchas personas y familias se han visto\nfuertemente afectadas por la crisis sanitaria. \u201cLas ayudas que est\u00e1n llegando a\nlas familias, no son suficientes para enfrentar el dif\u00edcil momento que estamos\nviviendo como pa\u00eds porque principalmente la clase media, la incluye a muchas\npymes e independientes, se est\u00e1 viendo sumamente perjudicada porque simplemente\nno clasifican para poder optar a los bonos que el Estado est\u00e1 otorgando, y\nfrente a ese clamor es necesario ir en ayuda de muchos de ellos\u201d.<\/p>\n\n\n\n<p>\u201cTambi\u00e9n nuestros jubilados lo\nest\u00e1n pasando mal a ra\u00edz de los problemas econ\u00f3micos que arrastramos, no solo\ndesde el inicio de esta pandemia, sino que tambi\u00e9n vienen desde el estallido\nsocial de octubre de 2019, por lo que ellos tambi\u00e9n necesitan una ayuda\ninmediata y muchos de ellos tambi\u00e9n tendr\u00e1 la opci\u00f3n de optar a este tercer\nretiro\u201d, agreg\u00f3.<\/p>\n\n\n\n<p>Cabe destacar que el proyecto tras\nsu aprobaci\u00f3n en general y particular en la C\u00e1mara de Diputados, fue despachado\nal Senado para que inicie su segundo tr\u00e1mite constitucional y pueda ser\ndespachado a la brevedad desde el Congreso para su posterior promulgaci\u00f3n.<\/p>\n","protected":false},"excerpt":{"rendered":"<p>Con el voto a favor de la Diputada Sandra Amar, la C\u00e1mara de Diputados aprob\u00f3 el proyecto de ley, que busca que los chilenos puedan retirar por tercera vez el&#8230; <a class=\"read-more\" href=\"https:\/\/www.radiopresidenteibanez.cl\/web\/con-voto-a-favor-de-la-diputada-amar-se-aprobo-proyecto-del-tercer-retiro-del-10\/\">Leer m\u00e1s<\/a><\/p>\n","protected":false},"author":2,"featured_media":20067,"comment_status":"closed","ping_status":"closed","sticky":false,"template":"","format":"standard","meta":{"footnotes":""},"categories":[1],"tags":[],"class_list":["post-20066","post","type-post","status-publish","format-standard","has-post-thumbnail","hentry","category-cronica"],"_links":{"self":[{"href":"https:\/\/www.radiopresidenteibanez.cl\/web\/wp-json\/wp\/v2\/posts\/20066","targetHints":{"allow":["GET"]}}],"collection":[{"href":"https:\/\/www.radiopresidenteibanez.cl\/web\/wp-json\/wp\/v2\/posts"}],"about":[{"href":"https:\/\/www.radiopresidenteibanez.cl\/web\/wp-json\/wp\/v2\/types\/post"}],"author":[{"embeddable":true,"href":"https:\/\/www.radiopresidenteibanez.cl\/web\/wp-json\/wp\/v2\/users\/2"}],"replies":[{"embeddable":true,"href":"https:\/\/www.radiopresidenteibanez.cl\/web\/wp-json\/wp\/v2\/comments?post=20066"}],"version-history":[{"count":0,"href":"https:\/\/www.radiopresidenteibanez.cl\/web\/wp-json\/wp\/v2\/posts\/20066\/revisions"}],"wp:featuredmedia":[{"embeddable":true,"href":"https:\/\/www.radiopresidenteibanez.cl\/web\/wp-json\/wp\/v2\/media\/20067"}],"wp:attachment":[{"href":"https:\/\/www.radiopresidenteibanez.cl\/web\/wp-json\/wp\/v2\/media?parent=20066"}],"wp:term":[{"taxonomy":"category","embeddable":true,"href":"https:\/\/www.radiopresidenteibanez.cl\/web\/wp-json\/wp\/v2\/categories?post=20066"},{"taxonomy":"post_tag","embeddable":true,"href":"https:\/\/www.radiopresidenteibanez.cl\/web\/wp-json\/wp\/v2\/tags?post=20066"}],"curies":[{"name":"wp","href":"https:\/\/api.w.org\/{rel}","templated":true}]}}