{"id":20057,"date":"2021-04-18T02:15:00","date_gmt":"2021-04-18T02:15:00","guid":{"rendered":"https:\/\/www.radiopresidenteibanez.cl\/web\/?p=20057"},"modified":"2021-04-16T17:23:29","modified_gmt":"2021-04-16T17:23:29","slug":"minvu-consolida-la-trama-urbana-de-porvenir-con-pavimentos-participativos-y-vialidades-intermedias","status":"publish","type":"post","link":"https:\/\/www.radiopresidenteibanez.cl\/web\/minvu-consolida-la-trama-urbana-de-porvenir-con-pavimentos-participativos-y-vialidades-intermedias\/","title":{"rendered":"MINVU CONSOLIDA LA TRAMA URBANA DE PORVENIR CON PAVIMENTOS PARTICIPATIVOS Y VIALIDADES INTERMEDIAS"},"content":{"rendered":"\n<p>Vecinos de calle Oscar Viel en Porvenir, ver\u00e1n su tramo pavimentado gracias a la selecci\u00f3n del trig\u00e9simo llamado del Programa de Pavimentaci\u00f3n Participativa en la comuna, instancia por la cual se entreg\u00f3 el correspondiente certificado en un encuentro con la intendenta Jenniffer Rojas, la gobernadora Margarita Norambuena, el seremi de Vivienda y Urbanismo, Jos\u00e9 Miguel Horcos y la alcaldesa Marisol Andrade.<\/p>\n\n\n\n<p>En la oportunidad, la intendenta manifest\u00f3 que \u201cHoy estamos dando el vamos a una calle que se va a ejecutar por el Programa de Pavimentaci\u00f3n Participativa, esta vez un poco diferente debido a la pandemia, por lo que como gobierno estamos aportando el 100 por ciento de los recursos. Aqu\u00ed agradezco el compromiso del Minvu, de los vecinos y de la municipalidad, porque esto no es solo pavimentar una calle, es mejorar la calidad de vida de los vecinos\u201d.<\/p>\n\n\n\n<p>En este sentido, con el avance de las actuales obras del llamado 29 del Programa se est\u00e1n hormigonando tramos faltantes de las calles Justo de la Rivera, Dami\u00e1n Riob\u00f3, Manuel Bulnes e Ignacio Carrera Pinto, aportando m\u00e1s de 1.200 metros lineales de urbanizaci\u00f3n, con una inversi\u00f3n cercana a los 2.000 millones de pesos, a los que se sumar\u00e1 con el llamado 30 este tramo de Oscar Viel, entre Zavattaro y Sampaio, con 100 metros lineales y un aporte del MINVU consistente en 152 millones de pesos, sin ser necesario el ahorro de los vecinos o aporte municipal, dada la contingencia sanitaria.<\/p>\n\n\n\n<p>Al respecto, la representante del comit\u00e9 de la calle, Oriana Barrientos, manifest\u00f3 que \u201cEstoy feliz de que vayan a pavimentar nuestras calles y que pr\u00e1cticamente todo nuestro pueblo est\u00e9 pavimentado. En este lugar hab\u00eda mucha tierra producto del viento, y tambi\u00e9n para los adultos mayores era complicado, por lo que esto lo viene a solucionar todo\u201d.<\/p>\n\n\n\n<p>Por su parte, la gobernadora de Tierra del Fuego, Margarita Norambuena destac\u00f3 que<strong>&nbsp;<\/strong>\u201cEstoy orgullosa de participar de esta certificaci\u00f3n junto a las autoridades y vecinos, porque aqu\u00ed hay un cambio de vida de las personas y es lo que importa. Aqu\u00ed hay una unidad de entender lo que significa vivir en condiciones distintas\u201d.<\/p>\n\n\n\n<p>Asimismo, por la l\u00ednea de vialidades intermedias, es decir, tramos de mayor longitud y complejidad, se concluyeron las obras de calle Dubl\u00e9 Almeyda en su totalidad, entre Alberto Fuentes y Koiuska, con m\u00e1s de un kil\u00f3metro de extensi\u00f3n y una inversi\u00f3n de m\u00e1s de 1.200 millones de pesos v\u00eda FNDR aportados por el Gobierno Regional.<\/p>\n\n\n\n<p>Sobre el particular, el seremi Jos\u00e9 Miguel Horcos inform\u00f3 que&nbsp;\u201cHemos podido ir avanzando, porque el norte del Minvu es la igualdad en el territorio, porque hacemos un trabajo en Punta Arenas y debemos hacerlo tambi\u00e9n en otras localidades. En Porvenir ten\u00edamos una falta de pavimentos que hemos ido desarrollando. Con esta v\u00eda pavimentada vamos a completar casi el 98 por ciento de pavimentos en Porvenir y esto es muy importante para los vecinos porque les va a cambiar la vida\u201d.<\/p>\n","protected":false},"excerpt":{"rendered":"<p>Vecinos de calle Oscar Viel en Porvenir, ver\u00e1n su tramo pavimentado gracias a la selecci\u00f3n del trig\u00e9simo llamado del Programa de Pavimentaci\u00f3n Participativa en la comuna, instancia por la cual&#8230; <a class=\"read-more\" href=\"https:\/\/www.radiopresidenteibanez.cl\/web\/minvu-consolida-la-trama-urbana-de-porvenir-con-pavimentos-participativos-y-vialidades-intermedias\/\">Leer m\u00e1s<\/a><\/p>\n","protected":false},"author":2,"featured_media":20058,"comment_status":"closed","ping_status":"closed","sticky":false,"template":"","format":"standard","meta":{"footnotes":""},"categories":[1],"tags":[],"class_list":["post-20057","post","type-post","status-publish","format-standard","has-post-thumbnail","hentry","category-cronica"],"_links":{"self":[{"href":"https:\/\/www.radiopresidenteibanez.cl\/web\/wp-json\/wp\/v2\/posts\/20057","targetHints":{"allow":["GET"]}}],"collection":[{"href":"https:\/\/www.radiopresidenteibanez.cl\/web\/wp-json\/wp\/v2\/posts"}],"about":[{"href":"https:\/\/www.radiopresidenteibanez.cl\/web\/wp-json\/wp\/v2\/types\/post"}],"author":[{"embeddable":true,"href":"https:\/\/www.radiopresidenteibanez.cl\/web\/wp-json\/wp\/v2\/users\/2"}],"replies":[{"embeddable":true,"href":"https:\/\/www.radiopresidenteibanez.cl\/web\/wp-json\/wp\/v2\/comments?post=20057"}],"version-history":[{"count":0,"href":"https:\/\/www.radiopresidenteibanez.cl\/web\/wp-json\/wp\/v2\/posts\/20057\/revisions"}],"wp:featuredmedia":[{"embeddable":true,"href":"https:\/\/www.radiopresidenteibanez.cl\/web\/wp-json\/wp\/v2\/media\/20058"}],"wp:attachment":[{"href":"https:\/\/www.radiopresidenteibanez.cl\/web\/wp-json\/wp\/v2\/media?parent=20057"}],"wp:term":[{"taxonomy":"category","embeddable":true,"href":"https:\/\/www.radiopresidenteibanez.cl\/web\/wp-json\/wp\/v2\/categories?post=20057"},{"taxonomy":"post_tag","embeddable":true,"href":"https:\/\/www.radiopresidenteibanez.cl\/web\/wp-json\/wp\/v2\/tags?post=20057"}],"curies":[{"name":"wp","href":"https:\/\/api.w.org\/{rel}","templated":true}]}}