{"id":20055,"date":"2021-04-18T02:00:00","date_gmt":"2021-04-18T02:00:00","guid":{"rendered":"https:\/\/www.radiopresidenteibanez.cl\/web\/?p=20055"},"modified":"2021-04-16T17:20:49","modified_gmt":"2021-04-16T17:20:49","slug":"la-vuelta-de-mano-de-magallanes-doce-pacientes-han-sido-trasladados-desde-otras-regiones-del-pais","status":"publish","type":"post","link":"https:\/\/www.radiopresidenteibanez.cl\/web\/la-vuelta-de-mano-de-magallanes-doce-pacientes-han-sido-trasladados-desde-otras-regiones-del-pais\/","title":{"rendered":"LA VUELTA DE MANO DE MAGALLANES: DOCE PACIENTES  HAN SIDO TRASLADADOS DESDE OTRAS REGIONES DEL PA\u00cdS"},"content":{"rendered":"\n<p>Doce pacientes han sido\ntrasladados desde otras regiones del pa\u00eds a la Unidad de Paciente Cr\u00edtico del\nHospital Cl\u00ednico de Magallanes y Hospital Dr. Augusto Essmann Burgos de Puerto\nNatales, debido a la compleja situaci\u00f3n que atraviesan estas unidades en gran\nparte del territorio nacional. <\/p>\n\n\n\n<p>Este trabajo se logra bajo en\ncontexto de la Red Integrada COVID-19 que garantiza el acceso a cama cr\u00edticas\ndesde Arica a Magallanes. Adem\u00e1s de la disponibilidad en estas unidades que\ndurante las \u00faltimas semanas, ha tenido la Regi\u00f3n de Magallanes. <\/p>\n\n\n\n<p>No es menor recordar que cuando\nla regi\u00f3n m\u00e1s austral del pa\u00eds se encontraba atravesando su momento m\u00e1s\ncr\u00edtico, m\u00e1s de 130 magall\u00e1nicos fueron aeroevacuados hacia otras zonas del\npa\u00eds para descongestionar camas en nuestra red.<\/p>\n\n\n\n<p>El subdirector de Gesti\u00f3n\nAsistencial del Servicio de Salud Magallanes, doctor Cristian Cabrera,\nmanifest\u00f3 que \u201chemos tenido que ir en apoyo del resto de las regiones del pa\u00eds\ny trasladando pacientes en la medida que haya camas disponibles en la regi\u00f3n,\npara poder devolver la mano al resto del pa\u00eds, que nos apoy\u00f3 en el momento m\u00e1s\ncr\u00edtico el a\u00f1o pasado\u201d.<\/p>\n\n\n\n<p>En lo que va de a\u00f1o, treinta y\nsiente pacientes de Magallanes han sido trasladados hacia otras zonas del pa\u00eds,\nsiendo su mayor\u00eda pacientes del Hospital Cl\u00ednico de Magallanes y Hospital de\nPuerto Natales. Cabe destacar tambi\u00e9n el aumento considerable de camas cr\u00edticas\nen la Unidad Cuidados Intensivos del centro de referencia COVID en la regi\u00f3n\n(HCM) que pas\u00f3 de tener seis a 24 camas. <\/p>\n\n\n\n<p>Y es que el ingreso de Punta\nArenas a Fase 2 que, implica una cuarentena los fines de semana, el doctor Cabrera\nhace hincapi\u00e9 en lo fundamental que es el autocuidado: distancia f\u00edsica, lavado\nde manos, distanciamiento social y, evitar fiestas clandestinas para avanzar y\nno retroceder en el Plan Paso a Paso. <\/p>\n\n\n\n<p>\u201cAfortunadamente estamos en la\nparte baja de la curva, pero es labor de todos -no solamente de los equipos de\nsalud- sino de todos como comunidad, poder salir adelante y no ocurra lo que\nest\u00e1 sucediendo en la Regi\u00f3n Metropolitana\u201d, cerr\u00f3 el subdirector Cristian\nCabrera.<\/p>\n","protected":false},"excerpt":{"rendered":"<p>Doce pacientes han sido trasladados desde otras regiones del pa\u00eds a la Unidad de Paciente Cr\u00edtico del Hospital Cl\u00ednico de Magallanes y Hospital Dr. Augusto Essmann Burgos de Puerto Natales,&#8230; <a class=\"read-more\" href=\"https:\/\/www.radiopresidenteibanez.cl\/web\/la-vuelta-de-mano-de-magallanes-doce-pacientes-han-sido-trasladados-desde-otras-regiones-del-pais\/\">Leer m\u00e1s<\/a><\/p>\n","protected":false},"author":2,"featured_media":57,"comment_status":"closed","ping_status":"closed","sticky":false,"template":"","format":"standard","meta":{"footnotes":""},"categories":[1],"tags":[],"class_list":["post-20055","post","type-post","status-publish","format-standard","has-post-thumbnail","hentry","category-cronica"],"_links":{"self":[{"href":"https:\/\/www.radiopresidenteibanez.cl\/web\/wp-json\/wp\/v2\/posts\/20055","targetHints":{"allow":["GET"]}}],"collection":[{"href":"https:\/\/www.radiopresidenteibanez.cl\/web\/wp-json\/wp\/v2\/posts"}],"about":[{"href":"https:\/\/www.radiopresidenteibanez.cl\/web\/wp-json\/wp\/v2\/types\/post"}],"author":[{"embeddable":true,"href":"https:\/\/www.radiopresidenteibanez.cl\/web\/wp-json\/wp\/v2\/users\/2"}],"replies":[{"embeddable":true,"href":"https:\/\/www.radiopresidenteibanez.cl\/web\/wp-json\/wp\/v2\/comments?post=20055"}],"version-history":[{"count":0,"href":"https:\/\/www.radiopresidenteibanez.cl\/web\/wp-json\/wp\/v2\/posts\/20055\/revisions"}],"wp:featuredmedia":[{"embeddable":true,"href":"https:\/\/www.radiopresidenteibanez.cl\/web\/wp-json\/wp\/v2\/media\/57"}],"wp:attachment":[{"href":"https:\/\/www.radiopresidenteibanez.cl\/web\/wp-json\/wp\/v2\/media?parent=20055"}],"wp:term":[{"taxonomy":"category","embeddable":true,"href":"https:\/\/www.radiopresidenteibanez.cl\/web\/wp-json\/wp\/v2\/categories?post=20055"},{"taxonomy":"post_tag","embeddable":true,"href":"https:\/\/www.radiopresidenteibanez.cl\/web\/wp-json\/wp\/v2\/tags?post=20055"}],"curies":[{"name":"wp","href":"https:\/\/api.w.org\/{rel}","templated":true}]}}