{"id":20052,"date":"2021-04-17T03:45:00","date_gmt":"2021-04-17T03:45:00","guid":{"rendered":"https:\/\/www.radiopresidenteibanez.cl\/web\/?p=20052"},"modified":"2021-04-16T17:16:43","modified_gmt":"2021-04-16T17:16:43","slug":"subsecretario-de-servicios-sociales-difunde-en-punta-arenas-nuevas-ayudas-economicas-para-las-familias-mas-vulnerables-y-clase-media","status":"publish","type":"post","link":"https:\/\/www.radiopresidenteibanez.cl\/web\/subsecretario-de-servicios-sociales-difunde-en-punta-arenas-nuevas-ayudas-economicas-para-las-familias-mas-vulnerables-y-clase-media\/","title":{"rendered":"SUBSECRETARIO DE SERVICIOS SOCIALES DIFUNDE EN PUNTA ARENAS NUEVAS AYUDAS ECON\u00d3MICAS PARA LAS FAMILIAS M\u00c1S VULNERABLES Y CLASE MEDIA"},"content":{"rendered":"\n<p>Hasta la ciudad de Punta Arenas lleg\u00f3 el Subsecretario de Servicios Sociales, Sebasti\u00e1n Villarreal, para difundir los beneficios de la Red de Protecci\u00f3n Social, que el Gobierno del Presidente Sebasti\u00e1n Pi\u00f1era fortaleci\u00f3 para apoyar a las familias m\u00e1s vulnerables y de clase media del pa\u00eds ante los efectos de la pandemia.<\/p>\n\n\n\n<p>Su primera actividad fue entregar los saludos protocolares a la Intendenta de Magallanes y de la Ant\u00e1rtica Chilena, Jenniffer Rojas, para posteriormente dirigirse al Parque del Estrecho de Magallanes, uno de los principales atractivos tur\u00edsticos de la regi\u00f3n con el objetivo de compartir con sus trabajadores los alcances del Ingreso Familiar de Emergencia (IFE) Covid de abril, que este mes aumentar\u00e1 sus montos y podr\u00eda beneficiar hasta 10,4 millones de personas, as\u00ed como tambi\u00e9n para informarles sobre el Bono Clase Media y Pr\u00e9stamo Solidario, que podr\u00e1n solicitarse desde este s\u00e1bado 17.<\/p>\n\n\n\n<p>\u201cHoy estamos en la austral regi\u00f3n de Magallanes para acercar a la ciudadan\u00eda los aportes que hemos dispuesto como Gobierno y que van en directo apoyo de las familias de la clase media y m\u00e1s vulnerables. En mayo del a\u00f1o pasado, comenzamos a entregar el IFE a las familias con menos ingresos y hace unos d\u00edas anunciamos su extensi\u00f3n hasta junio y la ampliaci\u00f3n de su cobertura al 80% de los hogares m\u00e1s vulnerables del pa\u00eds. Lo importante es que este beneficio, al igual que el Bono Covid, ser\u00e1n complementarios con el Bono Clase Media y el Pr\u00e9stamo Solidario\u00bb, se\u00f1al\u00f3 el Subsecretario Villarreal.<\/p>\n\n\n\n<p>En la ocasi\u00f3n, la autoridad de la Subsecretar\u00eda de Servicios Sociales escuch\u00f3 las inquietudes de los trabajadores de este parque, considerando que el rubro del turismo representa el 10% del PIB regional, y les detall\u00f3 los principales componentes de la Red de Protecci\u00f3n Social: el IFE, el Bono y Pr\u00e9stamo Covid Clase Media, las Canastas de Alimentos, la Ley de Protecci\u00f3n del Empleo, el fortalecimiento de los Seguros de Cesant\u00eda, la Crianza Protegida, el Plan de Servicios B\u00e1sicos, los Subsidios de Arriendo para la Clase Media, los Pr\u00e9stamos FOGAPE con Garant\u00edas del Estado para las Pymes y empresas, los alivios tributarios y los Subsidios al Empleo.<\/p>\n\n\n\n<p>Una de ellas fue Vanessa Rojo, quien se desempe\u00f1a en el \u00e1rea de operaciones hace cuatro a\u00f1os. \u201cProducto de la pandemia el parque debi\u00f3 cerrar, acordando con mi empleador la suspensi\u00f3n del contrato laboral de acuerdo a la Ley de Protecci\u00f3n al Empleo. A ra\u00edz de esta situaci\u00f3n el a\u00f1o pasado acced\u00ed al Bono Clase Media que me ayud\u00f3 much\u00edsimo a solventar mis deudas que adquir\u00ed por la pandemia\u201d, coment\u00f3.<\/p>\n\n\n\n<p>Por su parte, la Seremi de Desarrollo Social y Familia de Magallanes, Liz Casanueva, adelant\u00f3 que \u201cma\u00f1ana viernes estaremos con el Subsecretario en el punto de atenci\u00f3n presencial organizado la Municipalidad de Punta Arenas en el gimnasio del Liceo Sara Braun, para resolver las dudas de la ciudadan\u00eda sobre la postulaci\u00f3n al IFE Covid y el Registro Social de Hogares. Quiero destacar que durante el mes de marzo, 20.438 hogares de la regi\u00f3n se vieron favorecidos con los aportes del IFE Covid, para comunas Cuarenta y Transici\u00f3n, y Bono Covid, para Preparaci\u00f3n y Apertura Inicial\u201d.<\/p>\n\n\n\n<p>Este punto de atenci\u00f3n presencial dispuesto por el Municipio para solicitudes de RSH y subsidios estar\u00e1 disponible hasta el 30 de abril, cumpliendo con los protocolos sanitarios para atender a 200 personas al d\u00eda.<\/p>\n","protected":false},"excerpt":{"rendered":"<p>Hasta la ciudad de Punta Arenas lleg\u00f3 el Subsecretario de Servicios Sociales, Sebasti\u00e1n Villarreal, para difundir los beneficios de la Red de Protecci\u00f3n Social, que el Gobierno del Presidente Sebasti\u00e1n&#8230; <a class=\"read-more\" href=\"https:\/\/www.radiopresidenteibanez.cl\/web\/subsecretario-de-servicios-sociales-difunde-en-punta-arenas-nuevas-ayudas-economicas-para-las-familias-mas-vulnerables-y-clase-media\/\">Leer m\u00e1s<\/a><\/p>\n","protected":false},"author":2,"featured_media":20053,"comment_status":"closed","ping_status":"closed","sticky":false,"template":"","format":"standard","meta":{"footnotes":""},"categories":[1],"tags":[],"class_list":["post-20052","post","type-post","status-publish","format-standard","has-post-thumbnail","hentry","category-cronica"],"_links":{"self":[{"href":"https:\/\/www.radiopresidenteibanez.cl\/web\/wp-json\/wp\/v2\/posts\/20052","targetHints":{"allow":["GET"]}}],"collection":[{"href":"https:\/\/www.radiopresidenteibanez.cl\/web\/wp-json\/wp\/v2\/posts"}],"about":[{"href":"https:\/\/www.radiopresidenteibanez.cl\/web\/wp-json\/wp\/v2\/types\/post"}],"author":[{"embeddable":true,"href":"https:\/\/www.radiopresidenteibanez.cl\/web\/wp-json\/wp\/v2\/users\/2"}],"replies":[{"embeddable":true,"href":"https:\/\/www.radiopresidenteibanez.cl\/web\/wp-json\/wp\/v2\/comments?post=20052"}],"version-history":[{"count":0,"href":"https:\/\/www.radiopresidenteibanez.cl\/web\/wp-json\/wp\/v2\/posts\/20052\/revisions"}],"wp:featuredmedia":[{"embeddable":true,"href":"https:\/\/www.radiopresidenteibanez.cl\/web\/wp-json\/wp\/v2\/media\/20053"}],"wp:attachment":[{"href":"https:\/\/www.radiopresidenteibanez.cl\/web\/wp-json\/wp\/v2\/media?parent=20052"}],"wp:term":[{"taxonomy":"category","embeddable":true,"href":"https:\/\/www.radiopresidenteibanez.cl\/web\/wp-json\/wp\/v2\/categories?post=20052"},{"taxonomy":"post_tag","embeddable":true,"href":"https:\/\/www.radiopresidenteibanez.cl\/web\/wp-json\/wp\/v2\/tags?post=20052"}],"curies":[{"name":"wp","href":"https:\/\/api.w.org\/{rel}","templated":true}]}}