{"id":20049,"date":"2021-04-17T03:30:00","date_gmt":"2021-04-17T03:30:00","guid":{"rendered":"https:\/\/www.radiopresidenteibanez.cl\/web\/?p=20049"},"modified":"2021-04-16T17:13:23","modified_gmt":"2021-04-16T17:13:23","slug":"clinica-dental-movil-de-la-cchc-atendera-a-mas-de-setecientos-trabajadores-de-la-construccion-en-magallanes","status":"publish","type":"post","link":"https:\/\/www.radiopresidenteibanez.cl\/web\/clinica-dental-movil-de-la-cchc-atendera-a-mas-de-setecientos-trabajadores-de-la-construccion-en-magallanes\/","title":{"rendered":"CL\u00cdNICA DENTAL M\u00d3VIL DE LA CCHC ATENDER\u00c1 A M\u00c1S DE SETECIENTOS TRABAJADORES DE LA CONSTRUCCI\u00d3N EN MAGALLANES"},"content":{"rendered":"\n<p>M\u00e1s de setecientos trabajadores de la regi\u00f3n de Magallanes acceder\u00e1n al Operativo Dental de la C\u00e1mara Chilena de la Construcci\u00f3n Punta Arenas durante los meses de abril y julio del presente a\u00f1o.<\/p>\n\n\n\n<p>Maestros y sus c\u00f3nyuges o convivientes de Punta Arenas y Puerto Natales recibir\u00e1n atenci\u00f3n dental en terreno como parte del programa social de la CChC destinado a diagnosticar, prevenir y corregir problemas bucales de los trabajadores del sector.<\/p>\n\n\n\n<p>El Operativo Dental CChC se realiza en las mismas obras o lugares de trabajo a trav\u00e9s de una Cl\u00ednica M\u00f3vil, la cual es encabezada por un dentista y un asistente dental que realizan las atenciones a los trabajadores que lo requieran con todas las medidas sanitarias correspondientes.<\/p>\n\n\n\n<p>\u201cEs un gran aporte que se realice este Operativo porque por la pandemia uno se enfoca en no contagiarse del COVID-19 y descuida un poco su salud dental. Valoro mucho que uno se pueda hacer una limpieza dental en el mismo lugar de trabajo\u201d, indic\u00f3 Oriana Ojeda, una de las trabajadoras beneficiadas.Entre las prestaciones que se ofrecen a los trabajadores se cuentan: diagn\u00f3stico, limpieza (destartraje), profilaxis, aplicaci\u00f3n de barniz fl\u00faor, tratamiento de caries simples, extracciones simples, indicaci\u00f3n de t\u00e9cnicas de cepillado, y entrega de kit dental.<\/p>\n\n\n\n<p>Algunas de las empresas socias CChC Punta Arenas que recibir\u00e1n la Cl\u00ednica Dental M\u00f3vil en sus instalaciones son: Ferreter\u00eda El \u00c1guila, Concremag, Salfa, Inmobiliaria Socovesa, Axis, e Industria y Maestranza Austral Ltda.<br><\/p>\n","protected":false},"excerpt":{"rendered":"<p>M\u00e1s de setecientos trabajadores de la regi\u00f3n de Magallanes acceder\u00e1n al Operativo Dental de la C\u00e1mara Chilena de la Construcci\u00f3n Punta Arenas durante los meses de abril y julio del&#8230; <a class=\"read-more\" href=\"https:\/\/www.radiopresidenteibanez.cl\/web\/clinica-dental-movil-de-la-cchc-atendera-a-mas-de-setecientos-trabajadores-de-la-construccion-en-magallanes\/\">Leer m\u00e1s<\/a><\/p>\n","protected":false},"author":2,"featured_media":20050,"comment_status":"closed","ping_status":"closed","sticky":false,"template":"","format":"standard","meta":{"footnotes":""},"categories":[1],"tags":[],"class_list":["post-20049","post","type-post","status-publish","format-standard","has-post-thumbnail","hentry","category-cronica"],"_links":{"self":[{"href":"https:\/\/www.radiopresidenteibanez.cl\/web\/wp-json\/wp\/v2\/posts\/20049","targetHints":{"allow":["GET"]}}],"collection":[{"href":"https:\/\/www.radiopresidenteibanez.cl\/web\/wp-json\/wp\/v2\/posts"}],"about":[{"href":"https:\/\/www.radiopresidenteibanez.cl\/web\/wp-json\/wp\/v2\/types\/post"}],"author":[{"embeddable":true,"href":"https:\/\/www.radiopresidenteibanez.cl\/web\/wp-json\/wp\/v2\/users\/2"}],"replies":[{"embeddable":true,"href":"https:\/\/www.radiopresidenteibanez.cl\/web\/wp-json\/wp\/v2\/comments?post=20049"}],"version-history":[{"count":0,"href":"https:\/\/www.radiopresidenteibanez.cl\/web\/wp-json\/wp\/v2\/posts\/20049\/revisions"}],"wp:featuredmedia":[{"embeddable":true,"href":"https:\/\/www.radiopresidenteibanez.cl\/web\/wp-json\/wp\/v2\/media\/20050"}],"wp:attachment":[{"href":"https:\/\/www.radiopresidenteibanez.cl\/web\/wp-json\/wp\/v2\/media?parent=20049"}],"wp:term":[{"taxonomy":"category","embeddable":true,"href":"https:\/\/www.radiopresidenteibanez.cl\/web\/wp-json\/wp\/v2\/categories?post=20049"},{"taxonomy":"post_tag","embeddable":true,"href":"https:\/\/www.radiopresidenteibanez.cl\/web\/wp-json\/wp\/v2\/tags?post=20049"}],"curies":[{"name":"wp","href":"https:\/\/api.w.org\/{rel}","templated":true}]}}