{"id":20047,"date":"2021-04-17T03:15:00","date_gmt":"2021-04-17T03:15:00","guid":{"rendered":"https:\/\/www.radiopresidenteibanez.cl\/web\/?p=20047"},"modified":"2021-04-16T17:08:10","modified_gmt":"2021-04-16T17:08:10","slug":"servicio-nacional-del-patrimonio-cultural-comunica-calendario-de-actividades-para-celebrar-el-dia-del-libro","status":"publish","type":"post","link":"https:\/\/www.radiopresidenteibanez.cl\/web\/servicio-nacional-del-patrimonio-cultural-comunica-calendario-de-actividades-para-celebrar-el-dia-del-libro\/","title":{"rendered":"SERVICIO NACIONAL DEL PATRIMONIO CULTURAL COMUNICA CALENDARIO DE ACTIVIDADES PARA CELEBRAR EL D\u00cdA DEL LIBRO"},"content":{"rendered":"\n<p>Con un interesante programa de actividades on line, la mayor\u00eda de ellas abiertas a toda la comunidad, la Direcci\u00f3n Regional del Servicio Nacional del Patrimonio Cultural celebrar\u00e1 el D\u00eda del Libro el pr\u00f3ximo viernes 23 de abril.<\/p>\n\n\n\n<p>Esta efem\u00e9ride es una celebraci\u00f3n internacional promovida por la Unesco desde 1988, ya que la fecha se considera un d\u00eda simb\u00f3lico para la literatura mundial, pues en 1616 se consign\u00f3 el fallecimiento de tres importantes autores: Miguel de Cervantes y Saavedra, William Shakespeare e Inca Garcilaso de la Vega. La fecha coincide tambi\u00e9n con el nacimiento o la muerte de otros autores prominentes, como Maurice Druon, Haldor K. Laxness, Vladimir Nabokov, Josep Pla, Manuel Mej\u00eda Vallejo y William Wordsworth.<\/p>\n\n\n\n<p>En este contexto, la Secretaria Regional Ministerial de las Culturas, las Artes y el Patrimonio, Katherine Ibacache Calder\u00f3n destac\u00f3 las iniciativas organizadas por las distintas unidades que integran el&nbsp;Servicio Nacional del Patrimonio Cultural&nbsp;a nivel local y formul\u00f3 un llamado a la comunidad a participar en ellas \u201cpues son una excelente oportunidad de acceder a conversaciones y talleres que nos vinculen con el mundo del libro y la lectura, desde la seguridad de nuestros hogares en este tiempo de crisis sanitaria\u201d. Asimismo, la autoridad destac\u00f3 la realizaci\u00f3n de actividades en comunas tales como R\u00edo Verde, Laguna Blanca y Torres del Paine \u201clo que permite a quienes vivimos en las capitales provinciales conocer y participar en iniciativas que surgen en otros lugares de nuestra regi\u00f3n\u201d.<\/p>\n\n\n\n<p><strong>CALENDARIO DE ACTIVIDADES (hora Magallanes)<\/strong><strong><\/strong><\/p>\n\n\n\n<p><strong>19 de abril, 10:00 horas &#8211; Publicaci\u00f3n video homenaje al recientemente fallecido escritor magall\u00e1nico Eugenio Mimica Barassi (QEPD)<\/strong><\/p>\n\n\n\n<p>Colecci\u00f3n de fragmentos del libro de cuentos \u00abComarca Fueguina\u00bb del mencionado autor, le\u00eddos por ni\u00f1os y ni\u00f1as&nbsp;de distintas comunas de la regi\u00f3n. Actividad organizada por la Coordinaci\u00f3n Regional de Bibliotecas P\u00fablicas con la participaci\u00f3n de bibliotecas miembros de la Red de Bibliotecas P\u00fablicas.<\/p>\n\n\n\n<p>Difusi\u00f3n a trav\u00e9s de Fanpage de la Biblioteca N\u00b047:&nbsp;<\/p>\n\n\n\n<p><a href=\"https:\/\/www.facebook.com\/bibliotecahornillas.puntaarenas\">https:\/\/www.facebook.com\/bibliotecahornillas.puntaarenas<\/a><\/p>\n\n\n\n<p><strong>20 de abril, 17:00 horas &#8211; Conversatorio \u201cPiratas y Poetas\u201d<\/strong><\/p>\n\n\n\n<p>Organizado en conjunto&nbsp;entre las direcciones regionales del Servicio Nacional del Patrimonio Cultural de Coquimbo y Magallanes y Ant\u00e1rtica Chilena junto al Museo de Historia Natural de R\u00edo Seco. Participan: Valentina Orellana, DR SNPC Coquimbo presenta al historiador Patricio Cerda; Paola Grendi, directora del Museo Regional de Magallanes presenta al encargado \u00c1rea Educativa&nbsp;de dicha repartici\u00f3n, Dusan Martinovic; Miguel C\u00e1ceres, desde Museo de Historia Natural de R\u00edo Seco, presenta al escritor \u00d3scar Barrientos, quien conducir\u00e1 la conversaci\u00f3n.<\/p>\n\n\n\n<p>Difusi\u00f3n a trav\u00e9s del canal Youtube del SNPC:<\/p>\n\n\n\n<p><a href=\"https:\/\/www.youtube.com\/channel\/UCxHda_AkNXNoK448tcFP-oQ\">https:\/\/www.youtube.com\/channel\/UCxHda_AkNXNoK448tcFP-oQ<\/a><\/p>\n\n\n\n<p><strong>23 de abril, 10:00 horas &#8211; Concurso \u00abPintando mi libro favorito\u00bb<\/strong><\/p>\n\n\n\n<p>Organizado por la Biblioteca P\u00fablica Municipal N\u00b0288 R\u00edo Verde (Villa Ponsomby), es un concurso de pintura dirigido a personas de toda edad, que contempla una instancia para compartir los relatos o cuentos preferidos por personas de la comunidad participante.<\/p>\n\n\n\n<p>Difusi\u00f3n a trav\u00e9s de Fanpage de la Biblioteca de R\u00edo Verde:&nbsp;<\/p>\n\n\n\n<p><a href=\"https:\/\/www.facebook.com\/Biblioteca-R%C3%ADo-Verde-712599025607316\">https:\/\/www.facebook.com\/Biblioteca-R%C3%ADo-Verde-712599025607316<\/a><\/p>\n\n\n\n<p><strong>23 de abril, 10:00 horas &#8211; C<\/strong><strong>harla \u201cLa ruta literaria de Magallanes\u201d<\/strong><strong><\/strong><\/p>\n\n\n\n<p>El encargado de Educaci\u00f3n del Museo Regional de Magallanes, Dusan Martinovic, dictar\u00e1 la charla \u201cLa ruta literaria de Magallanes\u201d organizada por el Centro de Recursos de Aprendizaje del Liceo Sara Braun. En la actividad, de car\u00e1cter interno, participar\u00e1n v\u00eda Zoom los estudiantes de dicho establecimiento.<\/p>\n\n\n\n<p><strong>23 de abril, 15:00 horas &#8211; Cuentacuentos para todos<\/strong><\/p>\n\n\n\n<p>Organizada por la Biblioteca P\u00fablica Municipal N\u00b0346 Laguna Blanca (Villa Tehuelches), la actividad contempla cuentacuentos y lecturas en las estancias y puestos a los que se visitar\u00e1 con el Bibliob\u00fas de la comuna. Adem\u00e1s, se obsequiar\u00e1n libros a los participantes. Sectores a visitar: Estancia Josefina, Estancia Carmen Mercedes, Estancia Laguna Blanca y Morro Chico.<\/p>\n\n\n\n<p><strong>23 de abril, 15:00 horas &#8211; Inauguraci\u00f3n Punto de Lectura en la sede del Club Deportivo, Social y Cultural Esmeralda de Puerto Natales<\/strong><\/p>\n\n\n\n<p>Organizada por la Coordinaci\u00f3n Regional de Bibliotecas P\u00fablicas, en la oportunidad se efectuar\u00e1 una breve ceremonia de entrega de material bibliogr\u00e1fico (aforo 5 personas) en la sede Club Esmeralda.<\/p>\n\n\n\n<p>Difusi\u00f3n posterior a trav\u00e9s de Fanpage de la Biblioteca N\u00b014 de Puerto Natales:<\/p>\n\n\n\n<p><a href=\"https:\/\/www.facebook.com\/biblioteca.natales\">https:\/\/www.facebook.com\/biblioteca.natales<\/a><\/p>\n\n\n\n<p><strong>23 de abril, 18:00 horas &#8211; Sesi\u00f3n inaugural Club de Lectura Adultos<\/strong><\/p>\n\n\n\n<p>Organizada por la Biblioteca P\u00fablica Municipal N\u00b016 Torres del Paine (Villa Cerro Castillo), esta actividad marcar\u00e1 el inicio de una nueva temporada de encuentros mensuales del Club de Lectura de Adultos de la comuna Torres del Paine, que se realizar\u00e1 por videoconferencia. Contacto:&nbsp;&nbsp;Ivonne Lucero&nbsp;<a href=\"mailto:biblioteca16@munitorresdelpaine.cl\" target=\"_blank\" rel=\"noreferrer noopener\">biblioteca16@munitorresdelpaine.cl<\/a><\/p>\n\n\n\n<p><strong>23 de abril, 18:00 horas \u2013 Inicio publicaci\u00f3n extractos&nbsp;<\/strong><strong>Seminario de Difusi\u00f3n Nuevo L\u00e9xico Kaw\u00e9sqar<\/strong><\/p>\n\n\n\n<p>En la Fanpage del D\u00eda del Patrimonio Magallanes se publicar\u00e1 el primero de una serie de cuatro extractos del Seminario de Difusi\u00f3n Nuevo L\u00e9xico Kaw\u00e9sqar. Dicha actividad fue realizada por el Servicio Nacional del Patrimonio Cultural el 23 de febrero pasado, en colaboraci\u00f3n con la Fundaci\u00f3n Fide XII y la Sede Punta Arenas del Instituto Santo Tom\u00e1s.<\/p>\n\n\n\n<p>Disponible en:&nbsp;<a href=\"https:\/\/www.facebook.com\/DiadelPatrimonioMagallanes\" target=\"_blank\" rel=\"noreferrer noopener\">https:\/\/www.facebook.com\/DiadelPatrimonioMagallanes<\/a><\/p>\n\n\n\n<p><strong>24 de abril, 21:00 horas \u2013 Charla \u201c<\/strong><strong>Una mirada a la actividad pedag\u00f3gica de Gabriela Mistral en Magallanes\u201d<\/strong><strong><\/strong><\/p>\n\n\n\n<p>El encargado de Educaci\u00f3n del Museo Regional de Magallanes, Dusan Martinovic, dictar\u00e1 la charla \u201cUna mirada a la actividad pedag\u00f3gica de Gabriela Mistral en Magallanes\u201d, que destacar\u00e1 su paso por la Sociedad de Instrucci\u00f3n Popular. La actividad, de car\u00e1cter interno, es organizada por la Gran Logia Femenina de Chile y contempla la participaci\u00f3n de sus integrantes a lo largo del pa\u00eds.<\/p>\n\n\n\n<p><strong>27 de abril, 17:00 horas &#8211;&nbsp;<\/strong><strong>Conversatorio \u201cPatrimonio Bajo la Cruz del Sur: Estos otros libros\u201d<\/strong><strong><\/strong><\/p>\n\n\n\n<p>Di\u00e1logo organizado por la Direcci\u00f3n Regional del Servicio Nacional del Patrimonio Cultural en conjunto con la Vicerrector\u00eda de Vinculaci\u00f3n con el Medio de la Universidad de Magallanes, en el marco del ciclo de charlas \u201cBajo la Cruz del Sur\u201d.&nbsp;En este primer di\u00e1logo, se abordar\u00e1 el concepto de&nbsp;narraci\u00f3n y las lenguas de los pueblos originarios, otras formas de transmitir saberes, lo cual estar\u00e1 vinculado a la conmemoraci\u00f3n del d\u00eda del Libro y el d\u00eda de la Lengua.&nbsp;Conduce el escritor Pavel Oyarz\u00fan y participan Ruth Simeone, Daniela Gallardo, \u00d3scar Aguilera y&nbsp;Manuel San Rom\u00e1n.<\/p>\n\n\n\n<p>Difusi\u00f3n a trav\u00e9s del canal Youtube del SNPC:<\/p>\n\n\n\n<p><a href=\"https:\/\/www.youtube.com\/channel\/UCxHda_AkNXNoK448tcFP-oQ\">https:\/\/www.youtube.com\/channel\/UCxHda_AkNXNoK448tcFP-oQ<\/a><\/p>\n\n\n\n<p><strong>29 de abril, 18:00 horas -Sesi\u00f3n inaugural Club de Lectura \u201cCuentos de Maupassant\u201d<\/strong><strong><\/strong><strong><\/strong><\/p>\n\n\n\n<p>Inicio del Club de Lectura en torno a una selecci\u00f3n de seis cuentos de Guy de Maupassant, conducido por el escritor y funcionario del&nbsp;Servicio Nacional del Patrimonio Cultural,&nbsp;Juan Magal. En cada sesi\u00f3n se trabajar\u00e1 con un cuento v\u00eda online y tendr\u00e1 periodicidad quincenal. Formulario de inscripci\u00f3n:&nbsp;<a href=\"http:\/\/www.bit.ly\/clubmaupassant\" target=\"_blank\" rel=\"noreferrer noopener\">www.bit.ly\/clubmaupassant<\/a><\/p>\n","protected":false},"excerpt":{"rendered":"<p>Con un interesante programa de actividades on line, la mayor\u00eda de ellas abiertas a toda la comunidad, la Direcci\u00f3n Regional del Servicio Nacional del Patrimonio Cultural celebrar\u00e1 el D\u00eda del&#8230; <a class=\"read-more\" href=\"https:\/\/www.radiopresidenteibanez.cl\/web\/servicio-nacional-del-patrimonio-cultural-comunica-calendario-de-actividades-para-celebrar-el-dia-del-libro\/\">Leer m\u00e1s<\/a><\/p>\n","protected":false},"author":2,"featured_media":5660,"comment_status":"closed","ping_status":"closed","sticky":false,"template":"","format":"standard","meta":{"footnotes":""},"categories":[1],"tags":[],"class_list":["post-20047","post","type-post","status-publish","format-standard","has-post-thumbnail","hentry","category-cronica"],"_links":{"self":[{"href":"https:\/\/www.radiopresidenteibanez.cl\/web\/wp-json\/wp\/v2\/posts\/20047","targetHints":{"allow":["GET"]}}],"collection":[{"href":"https:\/\/www.radiopresidenteibanez.cl\/web\/wp-json\/wp\/v2\/posts"}],"about":[{"href":"https:\/\/www.radiopresidenteibanez.cl\/web\/wp-json\/wp\/v2\/types\/post"}],"author":[{"embeddable":true,"href":"https:\/\/www.radiopresidenteibanez.cl\/web\/wp-json\/wp\/v2\/users\/2"}],"replies":[{"embeddable":true,"href":"https:\/\/www.radiopresidenteibanez.cl\/web\/wp-json\/wp\/v2\/comments?post=20047"}],"version-history":[{"count":0,"href":"https:\/\/www.radiopresidenteibanez.cl\/web\/wp-json\/wp\/v2\/posts\/20047\/revisions"}],"wp:featuredmedia":[{"embeddable":true,"href":"https:\/\/www.radiopresidenteibanez.cl\/web\/wp-json\/wp\/v2\/media\/5660"}],"wp:attachment":[{"href":"https:\/\/www.radiopresidenteibanez.cl\/web\/wp-json\/wp\/v2\/media?parent=20047"}],"wp:term":[{"taxonomy":"category","embeddable":true,"href":"https:\/\/www.radiopresidenteibanez.cl\/web\/wp-json\/wp\/v2\/categories?post=20047"},{"taxonomy":"post_tag","embeddable":true,"href":"https:\/\/www.radiopresidenteibanez.cl\/web\/wp-json\/wp\/v2\/tags?post=20047"}],"curies":[{"name":"wp","href":"https:\/\/api.w.org\/{rel}","templated":true}]}}