{"id":20044,"date":"2021-04-17T03:00:00","date_gmt":"2021-04-17T03:00:00","guid":{"rendered":"https:\/\/www.radiopresidenteibanez.cl\/web\/?p=20044"},"modified":"2021-04-16T17:06:11","modified_gmt":"2021-04-16T17:06:11","slug":"escuelas-de-rock-y-musica-popular-arranca-su-ano-formativo-con-nuevo-ciclo-mujeres-creadoras-2021","status":"publish","type":"post","link":"https:\/\/www.radiopresidenteibanez.cl\/web\/escuelas-de-rock-y-musica-popular-arranca-su-ano-formativo-con-nuevo-ciclo-mujeres-creadoras-2021\/","title":{"rendered":"ESCUELAS DE ROCK Y M\u00daSICA POPULAR ARRANCA SU A\u00d1O FORMATIVO CON NUEVO CICLO MUJERES CREADORAS 2021"},"content":{"rendered":"\n<p>Fueron 836 las personas que\nparticiparon en las clases y talleres que ofreci\u00f3 Escuelas de Rock y M\u00fasica\nPopular durante el a\u00f1o 2020. Ante el escenario planteado por la pandemia global\ncovid-19, el programa -perteneciente al Ministerio de las Culturas, las Artes y\nel Patrimonio- volc\u00f3 sus procesos hacia la modalidad digital, incluyendo clases\ny festivales musicales.<\/p>\n\n\n\n<p>Ahora, las Escuelas de Rock y\nM\u00fasica Popular inician un nuevo a\u00f1o formativo, marcado tambi\u00e9n por las\nposibilidades que ofrece la v\u00eda telem\u00e1tica: por primera vez en sus 17 a\u00f1os de\nhistoria, el programa dispondr\u00e1 de actividades para las 16 regiones de Chile,\nen ciclos que ir\u00e1n abriendo sus postulaciones durante las pr\u00f3ximas semanas. <\/p>\n\n\n\n<p>El primero en abrir su\nconvocatoria ser\u00e1 la Escuela de Rock Mujeres Creadoras 2021, un proceso de\ntalleres, clases y encuentros centrados en la producci\u00f3n musical, con las\ninscripciones abiertas para solistas o bandas conformadas exclusivamente por\nmujeres. La convocatoria para Escuelas de Rock Mujeres Creadoras estar\u00e1 abierta\nhasta el 14 de mayo de 2021, a las 17.00 horas. <\/p>\n\n\n\n<p>\u201cEn medio de la crisis sanitaria,\nEscuelas de Rock y M\u00fasica Popular, al igual que el resto de los programas de\nnuestro Ministerio, ha debido ajustar sus procesos y actividades. Y esta vez\npropone a nivel nacional un ciclo destinado a las mujeres creadoras. Esperamos\nque se sumen las int\u00e9rpretes y compositoras de la regi\u00f3n\u201d, precis\u00f3 la Seremi de\nlas Culturas, Katherine Ibacache. <\/p>\n\n\n\n<p>Para participar del ciclo\nEscuelas de Rock Mujeres Creadoras 2021, las interesadas deben visitar el sitio\nweb de las Escuelas de Rock y M\u00fasica Popular (<a href=\"http:\/\/www.escuelasderock.cl\">www.escuelasderock.cl<\/a>),\nrevisar el Reglamento all\u00ed disponible, para luego completar la ficha de\ninscripci\u00f3n y adjuntar el material solicitado, y enviar todo al correo <a href=\"mailto:escuelasderock2021@gmail.com\">escuelasderock2021@gmail.com<\/a>. <\/p>\n\n\n\n<p>En los pr\u00f3ximos d\u00edas se abrir\u00e1n\nnuevos llamados a postulaci\u00f3n para los siguientes ciclos formativos en agenda:\nlos procesos formativos regionales. En todos los casos, se trata de actividades\np\u00fablicas, de car\u00e1cter gratuito. <\/p>\n\n\n\n<p><strong>Festivales y\nclases personalizadas<\/strong><\/p>\n\n\n\n<p>Al igual que en el resto de los\nciclos de formaci\u00f3n que se ofrecer\u00e1n en 2021, las clases de Escuelas de Rock\nMujeres Creadoras 2021 se dividir\u00e1n en dos etapas. La primera semana consistir\u00e1\nen clases magistrales, que ir\u00e1n desde el 24 al 27 de mayo. Tras una evaluaci\u00f3n\nde los proyectos participantes, comenzar\u00e1 una segunda parte donde los proyectos\nmusicales trabajar\u00e1n individualmente junto a una productora musical de\ntrayectoria. <\/p>\n\n\n\n<p>Las bandas y solistas que accedan\na esa segunda parte se presentar\u00e1n, adem\u00e1s, en dos festivales organizados por\nEscuelas de Rock: Carnaza 2021 y Rock\u00f3dromo 2021. Las sesiones de producci\u00f3n\npersonalizada ser\u00e1n realizadas desde el 14 al 17 de junio.<\/p>\n\n\n\n<p>En 2020, Escuelas de Rock y\nM\u00fasica Popular ofreci\u00f3 por primera vez sus clases y festivales en modalidad\ndigital, atendiendo al contexto sanitario y las restricciones dispuestas sobre\nla actividad. M\u00e1s de 800 participantes se sumaron a las sesiones telem\u00e1ticas\ncon profesores como Claudio Valenzuela, Camila Moreno, Valentina Peralta,\nMauricio Redol\u00e9s, Roc\u00edo Pe\u00f1a, Yorka Pastenes, Angelo Pierattini y Claudio\nNarea, entre otros.&nbsp; <\/p>\n\n\n\n<p>En ese escenario, m\u00e1s de 100\nagrupaciones y solistas pudieron presentarse en el festival Rock\u00f3dromo 2020,\ndesde 11 escenarios en el pa\u00eds, con todos los cuidados sanitarios exigidos y\nante m\u00e1s de 35 mil personas que sintonizaron en vivo. Adem\u00e1s, todas las\nparticipaciones quedan disponibles en el canal de YouTube de las Escuelas de\nRock (<a href=\"http:\/\/www.youtube.com\/escuelasderock\">www.youtube.com\/escuelasderock<\/a>).\nEn 2021, nuevamente ser\u00e1n los ciclos formativos desde donde se armar\u00e1 el cartel\nde esta Red Nacional de Festivales.<\/p>\n","protected":false},"excerpt":{"rendered":"<p>Fueron 836 las personas que participaron en las clases y talleres que ofreci\u00f3 Escuelas de Rock y M\u00fasica Popular durante el a\u00f1o 2020. Ante el escenario planteado por la pandemia&#8230; <a class=\"read-more\" href=\"https:\/\/www.radiopresidenteibanez.cl\/web\/escuelas-de-rock-y-musica-popular-arranca-su-ano-formativo-con-nuevo-ciclo-mujeres-creadoras-2021\/\">Leer m\u00e1s<\/a><\/p>\n","protected":false},"author":2,"featured_media":20045,"comment_status":"closed","ping_status":"closed","sticky":false,"template":"","format":"standard","meta":{"footnotes":""},"categories":[1],"tags":[],"class_list":["post-20044","post","type-post","status-publish","format-standard","has-post-thumbnail","hentry","category-cronica"],"_links":{"self":[{"href":"https:\/\/www.radiopresidenteibanez.cl\/web\/wp-json\/wp\/v2\/posts\/20044","targetHints":{"allow":["GET"]}}],"collection":[{"href":"https:\/\/www.radiopresidenteibanez.cl\/web\/wp-json\/wp\/v2\/posts"}],"about":[{"href":"https:\/\/www.radiopresidenteibanez.cl\/web\/wp-json\/wp\/v2\/types\/post"}],"author":[{"embeddable":true,"href":"https:\/\/www.radiopresidenteibanez.cl\/web\/wp-json\/wp\/v2\/users\/2"}],"replies":[{"embeddable":true,"href":"https:\/\/www.radiopresidenteibanez.cl\/web\/wp-json\/wp\/v2\/comments?post=20044"}],"version-history":[{"count":0,"href":"https:\/\/www.radiopresidenteibanez.cl\/web\/wp-json\/wp\/v2\/posts\/20044\/revisions"}],"wp:featuredmedia":[{"embeddable":true,"href":"https:\/\/www.radiopresidenteibanez.cl\/web\/wp-json\/wp\/v2\/media\/20045"}],"wp:attachment":[{"href":"https:\/\/www.radiopresidenteibanez.cl\/web\/wp-json\/wp\/v2\/media?parent=20044"}],"wp:term":[{"taxonomy":"category","embeddable":true,"href":"https:\/\/www.radiopresidenteibanez.cl\/web\/wp-json\/wp\/v2\/categories?post=20044"},{"taxonomy":"post_tag","embeddable":true,"href":"https:\/\/www.radiopresidenteibanez.cl\/web\/wp-json\/wp\/v2\/tags?post=20044"}],"curies":[{"name":"wp","href":"https:\/\/api.w.org\/{rel}","templated":true}]}}