{"id":20041,"date":"2021-04-17T02:45:00","date_gmt":"2021-04-17T02:45:00","guid":{"rendered":"https:\/\/www.radiopresidenteibanez.cl\/web\/?p=20041"},"modified":"2021-04-16T17:03:30","modified_gmt":"2021-04-16T17:03:30","slug":"subsecretario-villarreal-visita-a-beneficiaria-fosis-de-punta-arenas-seguiremos-apoyando-a-nuestros-emprendedores-en-la-reactivacion-de-su-economia-familiar","status":"publish","type":"post","link":"https:\/\/www.radiopresidenteibanez.cl\/web\/subsecretario-villarreal-visita-a-beneficiaria-fosis-de-punta-arenas-seguiremos-apoyando-a-nuestros-emprendedores-en-la-reactivacion-de-su-economia-familiar\/","title":{"rendered":"SUBSECRETARIO VILLARREAL VISITA A BENEFICIARIA FOSIS DE PUNTA ARENAS: \u201cSEGUIREMOS APOYANDO A NUESTROS EMPRENDEDORES EN LA REACTIVACI\u00d3N DE SU ECONOM\u00cdA FAMILIAR\u201d"},"content":{"rendered":"\n<p>Durante su gira por Magallanes, el Subsecretario de Servicios Sociales, Sebasti\u00e1n Villarreal, visit\u00f3 un emprendimiento gastron\u00f3mico de Punta Arenas, el que durante esta pandemia ha recibido el apoyo del Fondo de Solidaridad e Inversi\u00f3n Social (FOSIS), dependiente del Ministerio de Desarrollo Social y Familia<\/p>\n\n\n\n<p>Se trata de \u201cPatagonia Cocktail\u201d, cuya due\u00f1a es Pamela C\u00e1ceres (41), quien elabora empanadas hace 3 a\u00f1os en su casa, producto criollo que cada 15 de abril se trasforma en s\u00edmbolo del D\u00eda de la Cocina Chilena, y cuya venta le ha permitido enfrentar estos momentos de emergencia sanitaria, gracias al Programa \u201cYo Emprendo\u201d.<\/p>\n\n\n\n<p>En su visita, el Subsecretario Villarreal sostuvo que \u201cel Gobierno del Presidente Sebasti\u00e1n Pi\u00f1era tiene un compromiso con la clase media y m\u00e1s vulnerable, para quienes se cre\u00f3 la Red de Protecci\u00f3n Social que hemos fortalecido y con la que buscamos llegar con ayudas, no s\u00f3lo a trav\u00e9s de transferencias directas de dinero, sino que tambi\u00e9n con beneficios y programas que les permitan continuar con sus emprendimientos o, en muchos casos, ponerlos de pie para que puedan reactivar su econom\u00eda familiar\u201d.<\/p>\n\n\n\n<p>\u201cPor lo mismo, como Ministerio de Desarrollo Social y Familia, hemos hecho un gran esfuerzo a trav\u00e9s de programas del FOSIS para seguir acompa\u00f1ando -y lo seguiremos haciendo- a quienes deciden emprender y con productos tan ricos como las empanadas que cocina Pamela, que adem\u00e1s nos permite conmemorar el D\u00eda de la Cocina Chilena, con el que resaltamos el valor cultural que entrega la producci\u00f3n gastron\u00f3mica seg\u00fan las particularidades de cada regi\u00f3n\u201d, agreg\u00f3, junto a la Seremi de Desarrollo Social y Familia, Liz Casanueva.<\/p>\n\n\n\n<p>Y mientras se encuentra preparando sus empanadas, Pamela coment\u00f3 que \u201cpostular a FOSIS fue todo un descubrimiento, porque aparte de haber recibido ayuda econ\u00f3mica, que me permiti\u00f3 adquirir electrodom\u00e9sticos y utensilios, tuve talleres de capacitaci\u00f3n online por el contexto sanitario, adem\u00e1s de asesor\u00eda comercial. Esto sin duda me ayud\u00f3 a innovar y hace poco comenc\u00e9 a preparar algunos tragos, como calafate sour, mojito, entre otros, los cuales entrego por delivery\u201d.<\/p>\n\n\n\n<p>Finalmente, el Director Regional de FOSIS, Hern\u00e1n Soto, puntualiz\u00f3 que \u201crecientemente concluimos el proceso de postulaci\u00f3n del a\u00f1o 2021 que espera beneficiar a 502 usuarios en la regi\u00f3n, lo que significa una inversi\u00f3n de m\u00e1s de $472 millones. Dentro los procesos exitosos que hemos vivimos durante el pasado a\u00f1o fue el lanzamiento de Cyber FOSIS, una vitrina digital que en sus tres versiones reuni\u00f3 a 1.200 emprendedores del pa\u00eds, quienes exhibieron sus productos y servicios. En Magallanes, tuvimos la participaci\u00f3n de setenta personas, quienes vivieron la experiencia de recibir capacitaciones en marketing digital\u201d.<\/p>\n\n\n\n<p><strong>Los cambios en pandemia<\/strong><\/p>\n\n\n\n<p>En el contexto de la emergencia sanitaria, FOSIS ha tenido que adaptar sus metodolog\u00edas para apoyar de manera r\u00e1pida y oportuna a quienes m\u00e1s lo necesitan, principalmente emprendimientos, para reactivar parte importante de la econom\u00eda familiar y del pa\u00eds.<\/p>\n\n\n\n<p>Todos los programas de emprendimiento ofrecen talleres de capacitaci\u00f3n, acompa\u00f1amiento y un capital semilla para la adquisici\u00f3n de bienes o insumos para materializar una idea de negocio o fortalecer un emprendimiento en desarrollo.<\/p>\n","protected":false},"excerpt":{"rendered":"<p>Durante su gira por Magallanes, el Subsecretario de Servicios Sociales, Sebasti\u00e1n Villarreal, visit\u00f3 un emprendimiento gastron\u00f3mico de Punta Arenas, el que durante esta pandemia ha recibido el apoyo del Fondo&#8230; <a class=\"read-more\" href=\"https:\/\/www.radiopresidenteibanez.cl\/web\/subsecretario-villarreal-visita-a-beneficiaria-fosis-de-punta-arenas-seguiremos-apoyando-a-nuestros-emprendedores-en-la-reactivacion-de-su-economia-familiar\/\">Leer m\u00e1s<\/a><\/p>\n","protected":false},"author":2,"featured_media":20042,"comment_status":"closed","ping_status":"closed","sticky":false,"template":"","format":"standard","meta":{"footnotes":""},"categories":[1],"tags":[],"class_list":["post-20041","post","type-post","status-publish","format-standard","has-post-thumbnail","hentry","category-cronica"],"_links":{"self":[{"href":"https:\/\/www.radiopresidenteibanez.cl\/web\/wp-json\/wp\/v2\/posts\/20041","targetHints":{"allow":["GET"]}}],"collection":[{"href":"https:\/\/www.radiopresidenteibanez.cl\/web\/wp-json\/wp\/v2\/posts"}],"about":[{"href":"https:\/\/www.radiopresidenteibanez.cl\/web\/wp-json\/wp\/v2\/types\/post"}],"author":[{"embeddable":true,"href":"https:\/\/www.radiopresidenteibanez.cl\/web\/wp-json\/wp\/v2\/users\/2"}],"replies":[{"embeddable":true,"href":"https:\/\/www.radiopresidenteibanez.cl\/web\/wp-json\/wp\/v2\/comments?post=20041"}],"version-history":[{"count":0,"href":"https:\/\/www.radiopresidenteibanez.cl\/web\/wp-json\/wp\/v2\/posts\/20041\/revisions"}],"wp:featuredmedia":[{"embeddable":true,"href":"https:\/\/www.radiopresidenteibanez.cl\/web\/wp-json\/wp\/v2\/media\/20042"}],"wp:attachment":[{"href":"https:\/\/www.radiopresidenteibanez.cl\/web\/wp-json\/wp\/v2\/media?parent=20041"}],"wp:term":[{"taxonomy":"category","embeddable":true,"href":"https:\/\/www.radiopresidenteibanez.cl\/web\/wp-json\/wp\/v2\/categories?post=20041"},{"taxonomy":"post_tag","embeddable":true,"href":"https:\/\/www.radiopresidenteibanez.cl\/web\/wp-json\/wp\/v2\/tags?post=20041"}],"curies":[{"name":"wp","href":"https:\/\/api.w.org\/{rel}","templated":true}]}}