{"id":20039,"date":"2021-04-17T02:30:00","date_gmt":"2021-04-17T02:30:00","guid":{"rendered":"https:\/\/www.radiopresidenteibanez.cl\/web\/?p=20039"},"modified":"2021-04-16T17:00:38","modified_gmt":"2021-04-16T17:00:38","slug":"aguas-magallanes-continua-acompanando-en-el-proceso-a-organizaciones-sociales","status":"publish","type":"post","link":"https:\/\/www.radiopresidenteibanez.cl\/web\/aguas-magallanes-continua-acompanando-en-el-proceso-a-organizaciones-sociales\/","title":{"rendered":"AGUAS MAGALLANES CONTIN\u00daA ACOMPA\u00d1ANDO EN EL PROCESO A ORGANIZACIONES SOCIALES"},"content":{"rendered":"\n<p>A pocos d\u00edas de cerrarse el plazo de postulaci\u00f3n al Fondo Concursable de Aguas Magallanes, la compa\u00f1\u00eda hizo un nuevo llamado a las organizaciones sociales a presentar sus proyectos. \u201cSin duda la pandemia nos ha obligado a replantear la forma de realizar innumerables actividades y este fondo concursable no ha sido la excepci\u00f3n.<\/p>\n\n\n\n<p>El proceso de postulaci\u00f3n 100% en l\u00ednea, si bien es muy intuitivo y sencillo, tambi\u00e9n ha significado un desaf\u00edo tanto para los postulantes como para nuestra organizaci\u00f3n, por ello estamos realizando el mayor esfuerzo para apoyar a los representantes de las organizaciones sociales en la postulaci\u00f3n\u201d, sostuvo Johanna Reyes Neira, gerente de Clientes de Aguas Magallanes.<\/p>\n\n\n\n<p>Durante diez a\u00f1os la sanitaria ha llevado adelante esta iniciativa, favoreciendo con el financiamiento parcial o total la ejecuci\u00f3n de 461 proyectos de diversas organizaciones. Este a\u00f1o, a pesar de las dificultades econ\u00f3micas que ha afectado al sector, la compa\u00f1\u00eda dispuso $22 millones para apoyar proyectos vinculados al cuidado del recurso h\u00eddrico, al uso del tiempo libre, al mejoramiento de espacios comunitarios y la categor\u00eda Covid-19 para proyectos orientados a la adquisici\u00f3n de implementos de seguridad sanitaria.<\/p>\n\n\n\n<p>Aguas Magallanes record\u00f3 que para efectos de postulaci\u00f3n se encuentra habilitada la plataforma a trav\u00e9s del sitio&nbsp;<a href=\"http:\/\/www.aguasmagallanes.cl\/\" target=\"_blank\" rel=\"noreferrer noopener\">www.aguasmagallanes.cl<\/a>. Asimismo, se pueden realizar consultas al correo&nbsp;<a href=\"mailto:fondoconcursable@aguasmagallanes.cl\" target=\"_blank\" rel=\"noreferrer noopener\">fondoconcursable@aguasmagallanes.cl<\/a>.<br><\/p>\n","protected":false},"excerpt":{"rendered":"<p>A pocos d\u00edas de cerrarse el plazo de postulaci\u00f3n al Fondo Concursable de Aguas Magallanes, la compa\u00f1\u00eda hizo un nuevo llamado a las organizaciones sociales a presentar sus proyectos. \u201cSin&#8230; <a class=\"read-more\" href=\"https:\/\/www.radiopresidenteibanez.cl\/web\/aguas-magallanes-continua-acompanando-en-el-proceso-a-organizaciones-sociales\/\">Leer m\u00e1s<\/a><\/p>\n","protected":false},"author":2,"featured_media":19218,"comment_status":"closed","ping_status":"closed","sticky":false,"template":"","format":"standard","meta":{"footnotes":""},"categories":[1],"tags":[],"class_list":["post-20039","post","type-post","status-publish","format-standard","has-post-thumbnail","hentry","category-cronica"],"_links":{"self":[{"href":"https:\/\/www.radiopresidenteibanez.cl\/web\/wp-json\/wp\/v2\/posts\/20039","targetHints":{"allow":["GET"]}}],"collection":[{"href":"https:\/\/www.radiopresidenteibanez.cl\/web\/wp-json\/wp\/v2\/posts"}],"about":[{"href":"https:\/\/www.radiopresidenteibanez.cl\/web\/wp-json\/wp\/v2\/types\/post"}],"author":[{"embeddable":true,"href":"https:\/\/www.radiopresidenteibanez.cl\/web\/wp-json\/wp\/v2\/users\/2"}],"replies":[{"embeddable":true,"href":"https:\/\/www.radiopresidenteibanez.cl\/web\/wp-json\/wp\/v2\/comments?post=20039"}],"version-history":[{"count":0,"href":"https:\/\/www.radiopresidenteibanez.cl\/web\/wp-json\/wp\/v2\/posts\/20039\/revisions"}],"wp:featuredmedia":[{"embeddable":true,"href":"https:\/\/www.radiopresidenteibanez.cl\/web\/wp-json\/wp\/v2\/media\/19218"}],"wp:attachment":[{"href":"https:\/\/www.radiopresidenteibanez.cl\/web\/wp-json\/wp\/v2\/media?parent=20039"}],"wp:term":[{"taxonomy":"category","embeddable":true,"href":"https:\/\/www.radiopresidenteibanez.cl\/web\/wp-json\/wp\/v2\/categories?post=20039"},{"taxonomy":"post_tag","embeddable":true,"href":"https:\/\/www.radiopresidenteibanez.cl\/web\/wp-json\/wp\/v2\/tags?post=20039"}],"curies":[{"name":"wp","href":"https:\/\/api.w.org\/{rel}","templated":true}]}}