{"id":20036,"date":"2021-04-17T02:15:00","date_gmt":"2021-04-17T02:15:00","guid":{"rendered":"https:\/\/www.radiopresidenteibanez.cl\/web\/?p=20036"},"modified":"2021-04-16T16:57:48","modified_gmt":"2021-04-16T16:57:48","slug":"municipalidad-de-natales-renueva-convenios-con-el-servicio-nacional-de-la-mujer-y-la-equidad-de-genero","status":"publish","type":"post","link":"https:\/\/www.radiopresidenteibanez.cl\/web\/municipalidad-de-natales-renueva-convenios-con-el-servicio-nacional-de-la-mujer-y-la-equidad-de-genero\/","title":{"rendered":"MUNICIPALIDAD DE NATALES RENUEVA CONVENIOS CON EL SERVICIO NACIONAL DE LA MUJER Y LA EQUIDAD DE G\u00c9NERO"},"content":{"rendered":"\n<p>Con el fin de\nrealizar un balance del a\u00f1o 2020 y proyectar los nuevos programas del Servicio\nNacional de la Mujer y la Equidad de G\u00e9nero en Natales, el alcalde Fernando\nParedes y la directora regional, Fabiola Garc\u00eda, se reunieron en dependencias\nmunicipales para firmar un nuevo convenio que extiende la ejecuci\u00f3n de todos\nlos programas de SernamEG con la Municipalidad de Natales.<\/p>\n\n\n\n<p>\u201cEl Gobierno a\ntrav\u00e9s de SernamEG a comprometido nuevamente los recursos para el a\u00f1o 2021, y\nesa es la primera noticia que me gustar\u00eda destacar. Aqu\u00ed hay una mirada que\npese a estar en pandemia y en un momento muy dificultoso, hoy d\u00eda a Natales se\nle renuevan tres convenios importantes que finalmente los recibimos con mucho\ngusto\u201d, se\u00f1al\u00f3 Fernando Paredes.<\/p>\n\n\n\n<p>Asimismo, el edil\naprovech\u00f3 la instancia para valorar la extensi\u00f3n de los fondos y los programas,\n\u201cson platas que llegan a la municipalidad con un fin bien espec\u00edfico que son\nnuestros ni\u00f1os y nuestras mujeres. En eso le agradezco a la directora la\nrenovaci\u00f3n de este convenio porque yo creo que eso en definitiva resume la\nimportancia que se le est\u00e1 dando a la comuna de Natales\u201d.<\/p>\n\n\n\n<p>Por su parte,\nla directora regional del Servicio Nacional de la Mujer y la Equidad de G\u00e9nero,\nFabiola Garc\u00eda, destac\u00f3 la importancia del apoyo que entregan los municipios\npara ejecutar estos programas, \u201cagradezco la confianza y el compromiso del\nalcalde Fernando Paredes para asumir nuestros convenios de ejecuci\u00f3n, y principalmente\npara retomar el Programa 4 a 7 que es uno de los programas que trabaja\ndirectamente con las ni\u00f1as y ni\u00f1os m\u00e1s vulnerables y con sus madres o\ncuidadoras para que apoyemos la inserci\u00f3n laboral de ellas\u201d.<\/p>\n\n\n\n<p>Adem\u00e1s, la\ndirectora recalc\u00f3 la capacidad de adaptaci\u00f3n de los equipos para realizar las\nactividades por plataformas digitales, \u201cdesde el a\u00f1o pasado todos los programas\nse han implementado de manera remota y de manera virtual teniendo\ncapacitaciones continuas. Fue un desaf\u00edo, pero un desaf\u00edo que tambi\u00e9n los\nequipos comunales lo tomaron s\u00faper en serio y nos dimos cuenta que las mujeres\ntambi\u00e9n necesitaban ese espacio\u201d.<\/p>\n\n\n\n<p>Junto con el\nPrograma 4 a 7, el municipio renov\u00f3 el Programa Mujeres Jefas de Hogar y el\nCentro de la Mujer, los cuales benefician a cientos de mujeres natalinas\nentregando nuevas herramientas y nuevos conocimientos para la inserci\u00f3n laboral\no para aplicarlos en sus emprendimientos.<\/p>\n","protected":false},"excerpt":{"rendered":"<p>Con el fin de realizar un balance del a\u00f1o 2020 y proyectar los nuevos programas del Servicio Nacional de la Mujer y la Equidad de G\u00e9nero en Natales, el alcalde&#8230; <a class=\"read-more\" href=\"https:\/\/www.radiopresidenteibanez.cl\/web\/municipalidad-de-natales-renueva-convenios-con-el-servicio-nacional-de-la-mujer-y-la-equidad-de-genero\/\">Leer m\u00e1s<\/a><\/p>\n","protected":false},"author":2,"featured_media":20037,"comment_status":"closed","ping_status":"closed","sticky":false,"template":"","format":"standard","meta":{"footnotes":""},"categories":[1],"tags":[],"class_list":["post-20036","post","type-post","status-publish","format-standard","has-post-thumbnail","hentry","category-cronica"],"_links":{"self":[{"href":"https:\/\/www.radiopresidenteibanez.cl\/web\/wp-json\/wp\/v2\/posts\/20036","targetHints":{"allow":["GET"]}}],"collection":[{"href":"https:\/\/www.radiopresidenteibanez.cl\/web\/wp-json\/wp\/v2\/posts"}],"about":[{"href":"https:\/\/www.radiopresidenteibanez.cl\/web\/wp-json\/wp\/v2\/types\/post"}],"author":[{"embeddable":true,"href":"https:\/\/www.radiopresidenteibanez.cl\/web\/wp-json\/wp\/v2\/users\/2"}],"replies":[{"embeddable":true,"href":"https:\/\/www.radiopresidenteibanez.cl\/web\/wp-json\/wp\/v2\/comments?post=20036"}],"version-history":[{"count":0,"href":"https:\/\/www.radiopresidenteibanez.cl\/web\/wp-json\/wp\/v2\/posts\/20036\/revisions"}],"wp:featuredmedia":[{"embeddable":true,"href":"https:\/\/www.radiopresidenteibanez.cl\/web\/wp-json\/wp\/v2\/media\/20037"}],"wp:attachment":[{"href":"https:\/\/www.radiopresidenteibanez.cl\/web\/wp-json\/wp\/v2\/media?parent=20036"}],"wp:term":[{"taxonomy":"category","embeddable":true,"href":"https:\/\/www.radiopresidenteibanez.cl\/web\/wp-json\/wp\/v2\/categories?post=20036"},{"taxonomy":"post_tag","embeddable":true,"href":"https:\/\/www.radiopresidenteibanez.cl\/web\/wp-json\/wp\/v2\/tags?post=20036"}],"curies":[{"name":"wp","href":"https:\/\/api.w.org\/{rel}","templated":true}]}}