{"id":20034,"date":"2021-04-16T16:53:22","date_gmt":"2021-04-16T16:53:22","guid":{"rendered":"https:\/\/www.radiopresidenteibanez.cl\/web\/?p=20034"},"modified":"2021-04-16T16:53:27","modified_gmt":"2021-04-16T16:53:27","slug":"edelmag-estado-del-sistema-electrico-de-punta-arenas","status":"publish","type":"post","link":"https:\/\/www.radiopresidenteibanez.cl\/web\/edelmag-estado-del-sistema-electrico-de-punta-arenas\/","title":{"rendered":"EDELMAG: ESTADO DEL SISTEMA ELECTRICO DE PUNTA ARENAS"},"content":{"rendered":"\n<ul class=\"wp-block-list\"><li>Durante toda la ma\u00f1ana\nlas brigadas de emergencia de EDELMAG junto con empresas contratistas, han\nestado atendiendo m\u00faltiples emergencias asociadas a las condiciones clim\u00e1ticas\nimperantes y que han provocado fuertes rachas de viento.<\/li><\/ul>\n\n\n\n<ul class=\"wp-block-list\"><li>A\npartir de las 11:50 horas se present\u00f3 una emergencia que inicialmente afect\u00f3 a\n1.324 clientes del sector norte de nuestra ciudad, espec\u00edficamente de Villas\nLas Nieves, Villa Torres del Paine, Universidad de Magallanes, Zona Franca y\nBarrio Industrial.<\/li><\/ul>\n\n\n\n<ul class=\"wp-block-list\"><li>Las\nlabores se han centrado en la inspecci\u00f3n de las redes el\u00e9ctricas, para\nidentificar el origen de la emergencia; as\u00ed como efectuar las maniobras\nnecesarias para reducir al m\u00ednimo la cantidad de clientes afectado, es as\u00ed que\nel suministro el\u00e9ctrico qued\u00f3 repuesto a las 12:20 aproximadamente, en Zona\nFranca<\/li><\/ul>\n\n\n\n<ul class=\"wp-block-list\"><li>M\u00e1s\ntarde, otra situaci\u00f3n de emergencia afect\u00f3 al servicio en el sector sur de la\nciudad, en el Loteo del Mar, logr\u00e1ndose reponer el suministro a las 13:00\nhoras, aproximadamente.<\/li><\/ul>\n\n\n\n<ul class=\"wp-block-list\"><li>En estos momentos se\nencuentran desplegadas brigadas menores y pesadas de empresas contratistas;\nadem\u00e1s de personal propio, con sus respectivos supervisores, para restablecer\nel suministro el\u00e9ctrico en el menor tiempo posible, de forma parcializada. En\ntodos los casos, respetamos las medidas de seguridad que se requieren, con el\nobjetivo de evitar accidentes que puedan afectar a los trabajadores y a la\ncomunidad en general.<\/li><\/ul>\n\n\n\n<ul class=\"wp-block-list\"><li>EDELMAG\nlamenta los inconvenientes provocados por esta situaci\u00f3n, y asegura que se\nhan&nbsp;dispuesto inmediato todos los medios t\u00e9cnicos y humanos para el\nrestablecimiento total de la energ\u00eda en el menor tiempo posible. Adem\u00e1s, hace\nun llamado a que los clientes tomen las precauciones necesarias, para impedir\nque elementos extra\u00f1os lleguen hasta las l\u00edneas el\u00e9ctricas en situaciones\nfuturas.<\/li><\/ul>\n\n\n\n<ul class=\"wp-block-list\"><li>Se\nreitera que se encuentra disponible el Fono Clientes 800 800 400 y la cuenta\ntwitter @edelmag_sos, para atender consultas y requerimientos. Para una\natenci\u00f3n m\u00e1s expedita, en caso de ser posible se solicita que tengan a mano su\nn\u00famero de cliente que se encuentra impreso en la parte superior de la boleta.<\/li><\/ul>\n","protected":false},"excerpt":{"rendered":"<p>Durante toda la ma\u00f1ana las brigadas de emergencia de EDELMAG junto con empresas contratistas, han estado atendiendo m\u00faltiples emergencias asociadas a las condiciones clim\u00e1ticas imperantes y que han provocado fuertes&#8230; <a class=\"read-more\" href=\"https:\/\/www.radiopresidenteibanez.cl\/web\/edelmag-estado-del-sistema-electrico-de-punta-arenas\/\">Leer m\u00e1s<\/a><\/p>\n","protected":false},"author":2,"featured_media":740,"comment_status":"closed","ping_status":"closed","sticky":false,"template":"","format":"standard","meta":{"footnotes":""},"categories":[1],"tags":[],"class_list":["post-20034","post","type-post","status-publish","format-standard","has-post-thumbnail","hentry","category-cronica"],"_links":{"self":[{"href":"https:\/\/www.radiopresidenteibanez.cl\/web\/wp-json\/wp\/v2\/posts\/20034","targetHints":{"allow":["GET"]}}],"collection":[{"href":"https:\/\/www.radiopresidenteibanez.cl\/web\/wp-json\/wp\/v2\/posts"}],"about":[{"href":"https:\/\/www.radiopresidenteibanez.cl\/web\/wp-json\/wp\/v2\/types\/post"}],"author":[{"embeddable":true,"href":"https:\/\/www.radiopresidenteibanez.cl\/web\/wp-json\/wp\/v2\/users\/2"}],"replies":[{"embeddable":true,"href":"https:\/\/www.radiopresidenteibanez.cl\/web\/wp-json\/wp\/v2\/comments?post=20034"}],"version-history":[{"count":0,"href":"https:\/\/www.radiopresidenteibanez.cl\/web\/wp-json\/wp\/v2\/posts\/20034\/revisions"}],"wp:featuredmedia":[{"embeddable":true,"href":"https:\/\/www.radiopresidenteibanez.cl\/web\/wp-json\/wp\/v2\/media\/740"}],"wp:attachment":[{"href":"https:\/\/www.radiopresidenteibanez.cl\/web\/wp-json\/wp\/v2\/media?parent=20034"}],"wp:term":[{"taxonomy":"category","embeddable":true,"href":"https:\/\/www.radiopresidenteibanez.cl\/web\/wp-json\/wp\/v2\/categories?post=20034"},{"taxonomy":"post_tag","embeddable":true,"href":"https:\/\/www.radiopresidenteibanez.cl\/web\/wp-json\/wp\/v2\/tags?post=20034"}],"curies":[{"name":"wp","href":"https:\/\/api.w.org\/{rel}","templated":true}]}}