{"id":20031,"date":"2021-04-17T02:00:00","date_gmt":"2021-04-17T02:00:00","guid":{"rendered":"https:\/\/www.radiopresidenteibanez.cl\/web\/?p=20031"},"modified":"2021-04-16T16:48:58","modified_gmt":"2021-04-16T16:48:58","slug":"seremi-de-gobierno-llama-a-respetar-la-cuarentena-durante-el-fin-de-semana-en-las-comunas-en-fase-2","status":"publish","type":"post","link":"https:\/\/www.radiopresidenteibanez.cl\/web\/seremi-de-gobierno-llama-a-respetar-la-cuarentena-durante-el-fin-de-semana-en-las-comunas-en-fase-2\/","title":{"rendered":"SEREMI DE GOBIERNO LLAMA A RESPETAR LA CUARENTENA  DURANTE EL FIN DE SEMANA EN LAS COMUNAS EN FASE 2"},"content":{"rendered":"\n<p>Dado el retroceso a la\nfase de transici\u00f3n en el plan Paso a Paso, Punta Arenas al igual que Puerto\nNatales se encontrar\u00e1n en cuarentena durante el fin de semana, lo que significa\nque las personas deben mantenerse en sus domicilios.<\/p>\n\n\n\n<p>Si bien existe un permiso\npara que las personas puedan salir por un periodo de dos horas a realizar\ncompras como por ejemplo al supermercado o farmacia, el llamado que hace la\nseremi de Gobierno, Alejandra Mu\u00f1oz, es a adelantar esas salidas o a\npostergarlas si no son realmente necesarias.<\/p>\n\n\n\n<p>\u201cNuevamente tendremos que\nestar confinados durante los fines de semana en Punta Arenas y Puerto Natales\ncon la finalidad de seguir resguardando la salud producto del Covid_19, por eso\ninsisto en que nos cuidemos y para ello es importante evitar las salidas, las\nreuniones familiares y sociales, y respetar todas las medidas vigentes\u201d,\nasegur\u00f3 la vocera del Gobierno Regional. <\/p>\n\n\n\n<p>Adem\u00e1s, conocidas las\ncifras entregadas por Carabineros respecto a las personas que infringen el\nhorario de toque de queda, entre las 21:00 y 05:00 horas, la seremi fue\nenf\u00e1tica en se\u00f1alar que las fiscalizaciones van a continuar. <\/p>\n\n\n\n<p>\u201cVamos a seguir atentos a\nlas denuncias de fiestas clandestinas, a fiscalizar a quienes no porten los\nsalvoconductos que corresponden, porque las conductas irresponsables de las\npersonas no son aceptables mientras los funcionarios de la salud llevan m\u00e1s de\nun a\u00f1o brindando atenci\u00f3n a quienes luchan por sobrevivir al coronavirus\u201d, dijo\nla seremi.<\/p>\n\n\n\n<p>Lamentablemente durante\nla \u00faltima semana Punta Arenas ha registrado un aumento de un 70% de los casos\npor Covid_19, y un 39% de contagios a nivel regional, por ello la seremi\nreiter\u00f3 que es necesario seguir adoptando las medidas de autocuidado y ser\nresponsables para poder avanzar nuevamente de fase y as\u00ed tambi\u00e9n puedan\ncontinuar reactiv\u00e1ndose los sectores econ\u00f3micos de la regi\u00f3n. <\/p>\n","protected":false},"excerpt":{"rendered":"<p>Dado el retroceso a la fase de transici\u00f3n en el plan Paso a Paso, Punta Arenas al igual que Puerto Natales se encontrar\u00e1n en cuarentena durante el fin de semana,&#8230; <a class=\"read-more\" href=\"https:\/\/www.radiopresidenteibanez.cl\/web\/seremi-de-gobierno-llama-a-respetar-la-cuarentena-durante-el-fin-de-semana-en-las-comunas-en-fase-2\/\">Leer m\u00e1s<\/a><\/p>\n","protected":false},"author":2,"featured_media":20032,"comment_status":"closed","ping_status":"closed","sticky":false,"template":"","format":"standard","meta":{"footnotes":""},"categories":[1],"tags":[],"class_list":["post-20031","post","type-post","status-publish","format-standard","has-post-thumbnail","hentry","category-cronica"],"_links":{"self":[{"href":"https:\/\/www.radiopresidenteibanez.cl\/web\/wp-json\/wp\/v2\/posts\/20031","targetHints":{"allow":["GET"]}}],"collection":[{"href":"https:\/\/www.radiopresidenteibanez.cl\/web\/wp-json\/wp\/v2\/posts"}],"about":[{"href":"https:\/\/www.radiopresidenteibanez.cl\/web\/wp-json\/wp\/v2\/types\/post"}],"author":[{"embeddable":true,"href":"https:\/\/www.radiopresidenteibanez.cl\/web\/wp-json\/wp\/v2\/users\/2"}],"replies":[{"embeddable":true,"href":"https:\/\/www.radiopresidenteibanez.cl\/web\/wp-json\/wp\/v2\/comments?post=20031"}],"version-history":[{"count":0,"href":"https:\/\/www.radiopresidenteibanez.cl\/web\/wp-json\/wp\/v2\/posts\/20031\/revisions"}],"wp:featuredmedia":[{"embeddable":true,"href":"https:\/\/www.radiopresidenteibanez.cl\/web\/wp-json\/wp\/v2\/media\/20032"}],"wp:attachment":[{"href":"https:\/\/www.radiopresidenteibanez.cl\/web\/wp-json\/wp\/v2\/media?parent=20031"}],"wp:term":[{"taxonomy":"category","embeddable":true,"href":"https:\/\/www.radiopresidenteibanez.cl\/web\/wp-json\/wp\/v2\/categories?post=20031"},{"taxonomy":"post_tag","embeddable":true,"href":"https:\/\/www.radiopresidenteibanez.cl\/web\/wp-json\/wp\/v2\/tags?post=20031"}],"curies":[{"name":"wp","href":"https:\/\/api.w.org\/{rel}","templated":true}]}}