{"id":20025,"date":"2021-04-16T03:45:00","date_gmt":"2021-04-16T03:45:00","guid":{"rendered":"https:\/\/www.radiopresidenteibanez.cl\/web\/?p=20025"},"modified":"2021-04-15T16:39:48","modified_gmt":"2021-04-15T16:39:48","slug":"jardin-infantil-hitipan-fue-beneficiado-por-campana-solidaria-estudiantil-del-colegio-aleman","status":"publish","type":"post","link":"https:\/\/www.radiopresidenteibanez.cl\/web\/jardin-infantil-hitipan-fue-beneficiado-por-campana-solidaria-estudiantil-del-colegio-aleman\/","title":{"rendered":"JARD\u00cdN INFANTIL HITIPAN FUE BENEFICIADO POR CAMPA\u00d1A SOLIDARIA ESTUDIANTIL DEL COLEGIO ALEM\u00c1N"},"content":{"rendered":"\n<p>Una gran noticia recibieron las familias del\njardin infantil y sala cuna Hitipan de Fundaci\u00f3n Integra, al ser beneficiarios\nde la campa\u00f1a solidaria 2021 del Centro de Estudiantes del Colegio Alem\u00e1n de\nPunta Arenas.<\/p>\n\n\n\n<p>Involucrando a profesores, personal\nadministrativo y familias del establecimiento, la directiva del Centro de\nEstudiantes del Colegio Alem\u00e1n logr\u00f3 reunir una gran cantidad de alimentos y\n\u00fatiles de aseo para el hogar, como parte de su agenda de actividades 2021.<\/p>\n\n\n\n<p>Francisca D\u00edaz, presidenta del Centro de Estudiantes, agradeci\u00f3 la\npronta respuesta y participaci\u00f3n de la comunidad educativa y destac\u00f3 \u201cla\noportunidad que tenemos de tender la mano a las familias del jard\u00edn Hitipan. Todos\npodemos hacer algo por alguien m\u00e1s y esperamos que estas acciones motiven a m\u00e1s\npersonas a ser solidarios\u201d.<\/p>\n\n\n\n<p>Por su parte, la directora regional de Integra, Laura Campos, se\nmostr\u00f3 muy agradecida por el gesto solidario. \u201cVer a la juventud motivada por\nayudar al pr\u00f3jimo me llena de orgullo. Esta pandemia nos ha demostrado la gran\nnecesidad oculta que existe entre nuestra comunidad, y este esfuerzo que han\nhecho, ser\u00e1 sin duda un gran apoyo para muchas familias\u201d.<\/p>\n\n\n\n<p>Integra pertenece a la Red de Fundaciones de la Presidencia de la\nRep\u00fablica. Con 30 a\u00f1os de experiencia, es la red m\u00e1s grande de salas cuna y\njardines infantiles del pa\u00eds con m\u00e1s de 1.200 establecimientos gratuitos, a los\nque asisten m\u00e1s de 92 mil ni\u00f1os y ni\u00f1as en todo Chile.<\/p>\n","protected":false},"excerpt":{"rendered":"<p>Una gran noticia recibieron las familias del jardin infantil y sala cuna Hitipan de Fundaci\u00f3n Integra, al ser beneficiarios de la campa\u00f1a solidaria 2021 del Centro de Estudiantes del Colegio&#8230; <a class=\"read-more\" href=\"https:\/\/www.radiopresidenteibanez.cl\/web\/jardin-infantil-hitipan-fue-beneficiado-por-campana-solidaria-estudiantil-del-colegio-aleman\/\">Leer m\u00e1s<\/a><\/p>\n","protected":false},"author":2,"featured_media":20026,"comment_status":"closed","ping_status":"closed","sticky":false,"template":"","format":"standard","meta":{"footnotes":""},"categories":[1],"tags":[],"class_list":["post-20025","post","type-post","status-publish","format-standard","has-post-thumbnail","hentry","category-cronica"],"_links":{"self":[{"href":"https:\/\/www.radiopresidenteibanez.cl\/web\/wp-json\/wp\/v2\/posts\/20025","targetHints":{"allow":["GET"]}}],"collection":[{"href":"https:\/\/www.radiopresidenteibanez.cl\/web\/wp-json\/wp\/v2\/posts"}],"about":[{"href":"https:\/\/www.radiopresidenteibanez.cl\/web\/wp-json\/wp\/v2\/types\/post"}],"author":[{"embeddable":true,"href":"https:\/\/www.radiopresidenteibanez.cl\/web\/wp-json\/wp\/v2\/users\/2"}],"replies":[{"embeddable":true,"href":"https:\/\/www.radiopresidenteibanez.cl\/web\/wp-json\/wp\/v2\/comments?post=20025"}],"version-history":[{"count":0,"href":"https:\/\/www.radiopresidenteibanez.cl\/web\/wp-json\/wp\/v2\/posts\/20025\/revisions"}],"wp:featuredmedia":[{"embeddable":true,"href":"https:\/\/www.radiopresidenteibanez.cl\/web\/wp-json\/wp\/v2\/media\/20026"}],"wp:attachment":[{"href":"https:\/\/www.radiopresidenteibanez.cl\/web\/wp-json\/wp\/v2\/media?parent=20025"}],"wp:term":[{"taxonomy":"category","embeddable":true,"href":"https:\/\/www.radiopresidenteibanez.cl\/web\/wp-json\/wp\/v2\/categories?post=20025"},{"taxonomy":"post_tag","embeddable":true,"href":"https:\/\/www.radiopresidenteibanez.cl\/web\/wp-json\/wp\/v2\/tags?post=20025"}],"curies":[{"name":"wp","href":"https:\/\/api.w.org\/{rel}","templated":true}]}}