{"id":20022,"date":"2021-04-16T03:30:00","date_gmt":"2021-04-16T03:30:00","guid":{"rendered":"https:\/\/www.radiopresidenteibanez.cl\/web\/?p=20022"},"modified":"2021-04-15T16:38:03","modified_gmt":"2021-04-15T16:38:03","slug":"jardin-infantil-y-sala-cuna-magallanes-recibe-la-certificacion-ambiental-en-nivel-de-excelencia-2019-2022","status":"publish","type":"post","link":"https:\/\/www.radiopresidenteibanez.cl\/web\/jardin-infantil-y-sala-cuna-magallanes-recibe-la-certificacion-ambiental-en-nivel-de-excelencia-2019-2022\/","title":{"rendered":"JARD\u00cdN INFANTIL Y SALA CUNA MAGALLANES RECIBE LA CERTIFICACI\u00d3N AMBIENTAL EN NIVEL DE EXCELENCIA (2019-2022)"},"content":{"rendered":"\n<p>El seremi del Medio Ambiente Carlos Olave, junto al director\nde la Corporaci\u00f3n Nacional Forestal Mauricio Vejar, entregaron la Certificaci\u00f3n\nAmbiental de Establecimientos Educacionales nivel Excelencia en Punta Arenas, al\nJard\u00edn Infantil y Sala una Magallanes de Integra. <\/p>\n\n\n\n<p>En la ceremonia, la cual se realiz\u00f3 considerando todos los\nprotocolos sanitarios, Irma D\u00edaz, directora del Jard\u00edn Magallanes y Laura\nCampos, directora regional de Fundaci\u00f3n Integra, recibieron el reconocimiento y\nla bandera verde tan caracter\u00edstica, que certifica que se trata de un recinto\ndestacado en materias y pr\u00e1cticas ambientales. <\/p>\n\n\n\n<p>\u201cLa\nlabor realizada por el Jard\u00edn Magallanes, es destacable, han trabajado\nfuertemente creando sensibilizaci\u00f3n y conciencia, en torno a la sustentabilidad y respeto por el\nmedio ambiente y el entorno, lo cual es un gran aporte, tanto para la primera\ninfancia como tambi\u00e9n para la comunidad cercana al jard\u00edn (padres, madres,\napoderados, educadoras y vecinos del sector), por lo tanto, esta certificaci\u00f3n\nviene a reconocer y valorar los esfuerzos por seguir el camino del cuidado\nmedioambiental\u201d, destac\u00f3 Carlos\nOlave Solar, seremi del Medio Ambiente.<\/p>\n\n\n\n<p>El\nJard\u00edn Infantil y Sala una Magallanes, cuenta con un Proyecto Educativo\nInstitucional (PEI) con mirada ambiental, lo cual entrega opciones reales que\npermiten implementar acciones con contenido ambiental al interior del\nestablecimiento. <\/p>\n\n\n\n<p>La\ndirectora regional de Fundaci\u00f3n Integra, Laura Campos, destac\u00f3 que durante a\u00f1os\nel equipo educativo y las familias del jard\u00edn infantil Magallanes han hecho\nsuyo el trabajo y la conciencia ambiental \u201cy eso se ve reflejado hoy en este\ndistintivo, pero lo m\u00e1s importante es el legado que queda en nuestros ni\u00f1os y\nni\u00f1as, quienes seguir\u00e1n siendo durante toda su vida, embajadores del cuidado a\nnuestro planeta. As\u00ed se construye una sociedad, d\u00e1ndole educaci\u00f3n de calidad a\nla primera infancia\u201d.<\/p>\n\n\n\n<p>Por su parte, Irma D\u00edaz Directora del Jard\u00edn Infantil y Sala\nuna Magallanes manifest\u00f3 que &nbsp;estan\nfelices de recibir esta certificaci\u00f3n \u00abComo jard\u00edn destacamos la\nincorporaci\u00f3n de la familia al proceso educativo como un elemento sumamente\nimportante en el desarrollo del proyecto educativo. En muestra planificaci\u00f3n\nincorporamos acciones de educaci\u00f3n ambiental con participaci\u00f3n de la familia,\nya sea en el aula o en el hogar.\u00bb&nbsp;&nbsp;<\/p>\n","protected":false},"excerpt":{"rendered":"<p>El seremi del Medio Ambiente Carlos Olave, junto al director de la Corporaci\u00f3n Nacional Forestal Mauricio Vejar, entregaron la Certificaci\u00f3n Ambiental de Establecimientos Educacionales nivel Excelencia en Punta Arenas, al&#8230; <a class=\"read-more\" href=\"https:\/\/www.radiopresidenteibanez.cl\/web\/jardin-infantil-y-sala-cuna-magallanes-recibe-la-certificacion-ambiental-en-nivel-de-excelencia-2019-2022\/\">Leer m\u00e1s<\/a><\/p>\n","protected":false},"author":2,"featured_media":20023,"comment_status":"closed","ping_status":"closed","sticky":false,"template":"","format":"standard","meta":{"footnotes":""},"categories":[1],"tags":[],"class_list":["post-20022","post","type-post","status-publish","format-standard","has-post-thumbnail","hentry","category-cronica"],"_links":{"self":[{"href":"https:\/\/www.radiopresidenteibanez.cl\/web\/wp-json\/wp\/v2\/posts\/20022","targetHints":{"allow":["GET"]}}],"collection":[{"href":"https:\/\/www.radiopresidenteibanez.cl\/web\/wp-json\/wp\/v2\/posts"}],"about":[{"href":"https:\/\/www.radiopresidenteibanez.cl\/web\/wp-json\/wp\/v2\/types\/post"}],"author":[{"embeddable":true,"href":"https:\/\/www.radiopresidenteibanez.cl\/web\/wp-json\/wp\/v2\/users\/2"}],"replies":[{"embeddable":true,"href":"https:\/\/www.radiopresidenteibanez.cl\/web\/wp-json\/wp\/v2\/comments?post=20022"}],"version-history":[{"count":0,"href":"https:\/\/www.radiopresidenteibanez.cl\/web\/wp-json\/wp\/v2\/posts\/20022\/revisions"}],"wp:featuredmedia":[{"embeddable":true,"href":"https:\/\/www.radiopresidenteibanez.cl\/web\/wp-json\/wp\/v2\/media\/20023"}],"wp:attachment":[{"href":"https:\/\/www.radiopresidenteibanez.cl\/web\/wp-json\/wp\/v2\/media?parent=20022"}],"wp:term":[{"taxonomy":"category","embeddable":true,"href":"https:\/\/www.radiopresidenteibanez.cl\/web\/wp-json\/wp\/v2\/categories?post=20022"},{"taxonomy":"post_tag","embeddable":true,"href":"https:\/\/www.radiopresidenteibanez.cl\/web\/wp-json\/wp\/v2\/tags?post=20022"}],"curies":[{"name":"wp","href":"https:\/\/api.w.org\/{rel}","templated":true}]}}