{"id":20019,"date":"2021-04-16T03:00:00","date_gmt":"2021-04-16T03:00:00","guid":{"rendered":"https:\/\/www.radiopresidenteibanez.cl\/web\/?p=20019"},"modified":"2021-04-15T16:35:14","modified_gmt":"2021-04-15T16:35:14","slug":"se-iniciaron-las-obras-para-la-conexion-a-agua-potable-en-sectores-rurales-125-vecinos-seran-beneficiados-y-la-linea-quedara-abierta-para-mas-habitantes","status":"publish","type":"post","link":"https:\/\/www.radiopresidenteibanez.cl\/web\/se-iniciaron-las-obras-para-la-conexion-a-agua-potable-en-sectores-rurales-125-vecinos-seran-beneficiados-y-la-linea-quedara-abierta-para-mas-habitantes\/","title":{"rendered":"SE INICIARON LAS OBRAS PARA LA CONEXI\u00d3N A AGUA POTABLE EN SECTORES RURALES 125 VECINOS SER\u00c1N BENEFICIADOS Y LA L\u00cdNEA QUEDAR\u00c1 ABIERTA PARA M\u00c1S HABITANTES"},"content":{"rendered":"\n<p>Hace algunos d\u00edas comenzaron las obras\nde este gran proyecto de agua potable rural que va a mejorar la calidad de vida\nde 125 familias en forma directa, pero despu\u00e9s queda la l\u00ednea para los futuros\nvecinos que quieran conectarse al sistema del agua potable en sus respectivas\nparcelas.<\/p>\n\n\n\n<p>Al respecto la alcaldesa de Porvenir,\nMarisol Andrade C\u00e1rdenas, se\u00f1al\u00f3 que &nbsp;este\nes un proyecto emblem\u00e1tico, porque el agua es algo vital para las familias que\nresiden en los loteos Laguna de los Cisnes como el loteo Selknam, y estamos muy\ncontentos porque hoy comenzaron estos trabajos que implican 22 mil metros\nlineales para la conexi\u00f3n y una vez que est\u00e9 culminado este trabajo que esperamos\nsea en noviembre, los vecinos van a poder tener la oportunidad de tener el agua\ndentro de sus hogares y creo que eso mejora absolutamente la calidad de vida de\nellos\u201d.<\/p>\n\n\n\n<p>A\u00f1adi\u00f3 la primera autoridad comunal,\nque \u201ceste es un proyecto que estamos muy contento de haber trabajado como\nmunicipalidad y esperamos que culmine en forma exitosa en el plazo estipulado\nque es noviembre\u201d.<\/p>\n\n\n\n<p>Cabe recordar que en ambos sectores cuentan\ncon electrificaci\u00f3n rural y es as\u00ed como en este momento estos dos sectores ya\ncuentan con luz el\u00e9ctrica en sus hogares y ahora los dos sectores tendr\u00e1n el\nbeneficio directo del agua potable rural.<\/p>\n\n\n\n<p>La finalidad de estos dos proyectos\nrurales, es potenciar la urbanizaci\u00f3n y busca mejorar la calidad de vida de los\nvecinos que viven en ambos loteos, tambi\u00e9n busca la ayuda en la econom\u00eda del\nhogar, porque hoy en d\u00eda mantener un generador en el caso de la luz es muy caro\ny es diferente a tener la l\u00ednea directa de la parte el\u00e9ctrica, algo muy similar\nocurre con el agua, la municipalidad ha apoyado con la entrega de este vital\nelemento, pero se ha extendido tanto el sector periurbano que la verdad que la\ncantidad de agua se tuvo que reducir y por lo tanto ha sido muy dif\u00edcil para\nlos vecinos poder subsistir con el tema del agua.<\/p>\n","protected":false},"excerpt":{"rendered":"<p>Hace algunos d\u00edas comenzaron las obras de este gran proyecto de agua potable rural que va a mejorar la calidad de vida de 125 familias en forma directa, pero despu\u00e9s&#8230; <a class=\"read-more\" href=\"https:\/\/www.radiopresidenteibanez.cl\/web\/se-iniciaron-las-obras-para-la-conexion-a-agua-potable-en-sectores-rurales-125-vecinos-seran-beneficiados-y-la-linea-quedara-abierta-para-mas-habitantes\/\">Leer m\u00e1s<\/a><\/p>\n","protected":false},"author":2,"featured_media":20020,"comment_status":"closed","ping_status":"closed","sticky":false,"template":"","format":"standard","meta":{"footnotes":""},"categories":[1],"tags":[],"class_list":["post-20019","post","type-post","status-publish","format-standard","has-post-thumbnail","hentry","category-cronica"],"_links":{"self":[{"href":"https:\/\/www.radiopresidenteibanez.cl\/web\/wp-json\/wp\/v2\/posts\/20019","targetHints":{"allow":["GET"]}}],"collection":[{"href":"https:\/\/www.radiopresidenteibanez.cl\/web\/wp-json\/wp\/v2\/posts"}],"about":[{"href":"https:\/\/www.radiopresidenteibanez.cl\/web\/wp-json\/wp\/v2\/types\/post"}],"author":[{"embeddable":true,"href":"https:\/\/www.radiopresidenteibanez.cl\/web\/wp-json\/wp\/v2\/users\/2"}],"replies":[{"embeddable":true,"href":"https:\/\/www.radiopresidenteibanez.cl\/web\/wp-json\/wp\/v2\/comments?post=20019"}],"version-history":[{"count":0,"href":"https:\/\/www.radiopresidenteibanez.cl\/web\/wp-json\/wp\/v2\/posts\/20019\/revisions"}],"wp:featuredmedia":[{"embeddable":true,"href":"https:\/\/www.radiopresidenteibanez.cl\/web\/wp-json\/wp\/v2\/media\/20020"}],"wp:attachment":[{"href":"https:\/\/www.radiopresidenteibanez.cl\/web\/wp-json\/wp\/v2\/media?parent=20019"}],"wp:term":[{"taxonomy":"category","embeddable":true,"href":"https:\/\/www.radiopresidenteibanez.cl\/web\/wp-json\/wp\/v2\/categories?post=20019"},{"taxonomy":"post_tag","embeddable":true,"href":"https:\/\/www.radiopresidenteibanez.cl\/web\/wp-json\/wp\/v2\/tags?post=20019"}],"curies":[{"name":"wp","href":"https:\/\/api.w.org\/{rel}","templated":true}]}}