{"id":20016,"date":"2021-04-16T02:45:00","date_gmt":"2021-04-16T02:45:00","guid":{"rendered":"https:\/\/www.radiopresidenteibanez.cl\/web\/?p=20016"},"modified":"2021-04-15T16:31:44","modified_gmt":"2021-04-15T16:31:44","slug":"presidente-del-core-se-reunio-con-alcalde-radonich-para-abordar-problematicas-de-vivienda-en-punta-arenas-y-la-region","status":"publish","type":"post","link":"https:\/\/www.radiopresidenteibanez.cl\/web\/presidente-del-core-se-reunio-con-alcalde-radonich-para-abordar-problematicas-de-vivienda-en-punta-arenas-y-la-region\/","title":{"rendered":"PRESIDENTE DEL CORE SE REUNI\u00d3 CON ALCALDE RADONICH PARA ABORDAR PROBLEM\u00c1TICAS DE VIVIENDA EN PUNTA ARENAS Y LA REGI\u00d3N"},"content":{"rendered":"\n<p>Acogiendo la invitaci\u00f3n\ncursada por el alcalde de Punta Arenas, Claudio Radonich, el presidente del\nConsejo Regional de Magallanes y de la Ant\u00e1rtica Chilena, Tolentino Soto, se\nreuni\u00f3 este martes con el edil a fin de abordar diversos temas referidos a\npol\u00edticas p\u00fablicas habitacionales y&nbsp; de\nacceso a la vivienda. <\/p>\n\n\n\n<p>Seg\u00fan coment\u00f3 el presidente\ndel CORE, fue un encuentro muy provechoso y aclaratorio, en el cual hubieron muchos\npuntos de encuentro y uno de los m\u00e1s relevantes fue la necesidad de generar un\nnuevo Convenio de Programaci\u00f3n entre el ministerio de Vivienda y el Gobierno\nRegional, toda vez que el existente expir\u00f3 el a\u00f1o 2020. <\/p>\n\n\n\n<p>\u201cEl alcalde de Punta Arenas, ha&nbsp; planteado la necesidad de contar con un vasto\nplan de construcci\u00f3n de viviendas y para para eso coincidimos en que lo\nconveniente ser\u00eda abordar un nuevo convenio de programaci\u00f3n y este tema debe\nllegar al Consejo desde el Ejecutivo del Gobierno Regional para ser analizado junto\nal ministerio. El Consejo Regional siempre ha estado abierto para trabajar de\nmanera conjunta en ello\u201d, detall\u00f3 el consejero Soto. &nbsp;<\/p>\n\n\n\n<p>Asimismo coment\u00f3 que en la\noportunidad manifest\u00f3 al edil su preocupaci\u00f3n ante una declaraci\u00f3n p\u00fablica en\nla cual se se\u00f1al\u00f3 que existen iniciativas de vivienda entrampadas en la mesa\ndel Consejo Regional. <\/p>\n\n\n\n<p>\u201cEs importante aclarar a la comunidad,\nen especial a quienes est\u00e1n en proceso de postulaci\u00f3n a vivienda, que el recorrido\nde un proyecto comienza en la Unidad T\u00e9cnica pasa por el ministerio de\nDesarrollo Social, llega a Intendencia y posteriormente baja al Consejo Regional\ndonde se analiza. Al CORE no ha llegado ning\u00fan proyecto de vivienda en el \u00faltimo\ntiempo por tanto no podemos pronunciarnos y quiero recordar que cada vez que\narriba este tipo de iniciativas lo trabajamos con la agilidad y premura que\ncorresponde a un tema tan importante para muchas familias, sin embargo no tenemos\nla facultad de levantar proyectos\u201d, insisti\u00f3.<\/p>\n\n\n\n<p>Finalmente el presidente del\nCORE valor\u00f3 la posibilidad de reunirse con la autoridad comunal ya que esto &nbsp;\u201cpermite planificar de mejor manera y a largo\nplazo un plan de construcci\u00f3n de viviendas elaborado con una mirada regional\nintegral que considere a todas las provincias de Magallanes\u201d, concluy\u00f3. <\/p>\n","protected":false},"excerpt":{"rendered":"<p>Acogiendo la invitaci\u00f3n cursada por el alcalde de Punta Arenas, Claudio Radonich, el presidente del Consejo Regional de Magallanes y de la Ant\u00e1rtica Chilena, Tolentino Soto, se reuni\u00f3 este martes&#8230; <a class=\"read-more\" href=\"https:\/\/www.radiopresidenteibanez.cl\/web\/presidente-del-core-se-reunio-con-alcalde-radonich-para-abordar-problematicas-de-vivienda-en-punta-arenas-y-la-region\/\">Leer m\u00e1s<\/a><\/p>\n","protected":false},"author":2,"featured_media":20017,"comment_status":"closed","ping_status":"closed","sticky":false,"template":"","format":"standard","meta":{"footnotes":""},"categories":[1],"tags":[],"class_list":["post-20016","post","type-post","status-publish","format-standard","has-post-thumbnail","hentry","category-cronica"],"_links":{"self":[{"href":"https:\/\/www.radiopresidenteibanez.cl\/web\/wp-json\/wp\/v2\/posts\/20016","targetHints":{"allow":["GET"]}}],"collection":[{"href":"https:\/\/www.radiopresidenteibanez.cl\/web\/wp-json\/wp\/v2\/posts"}],"about":[{"href":"https:\/\/www.radiopresidenteibanez.cl\/web\/wp-json\/wp\/v2\/types\/post"}],"author":[{"embeddable":true,"href":"https:\/\/www.radiopresidenteibanez.cl\/web\/wp-json\/wp\/v2\/users\/2"}],"replies":[{"embeddable":true,"href":"https:\/\/www.radiopresidenteibanez.cl\/web\/wp-json\/wp\/v2\/comments?post=20016"}],"version-history":[{"count":0,"href":"https:\/\/www.radiopresidenteibanez.cl\/web\/wp-json\/wp\/v2\/posts\/20016\/revisions"}],"wp:featuredmedia":[{"embeddable":true,"href":"https:\/\/www.radiopresidenteibanez.cl\/web\/wp-json\/wp\/v2\/media\/20017"}],"wp:attachment":[{"href":"https:\/\/www.radiopresidenteibanez.cl\/web\/wp-json\/wp\/v2\/media?parent=20016"}],"wp:term":[{"taxonomy":"category","embeddable":true,"href":"https:\/\/www.radiopresidenteibanez.cl\/web\/wp-json\/wp\/v2\/categories?post=20016"},{"taxonomy":"post_tag","embeddable":true,"href":"https:\/\/www.radiopresidenteibanez.cl\/web\/wp-json\/wp\/v2\/tags?post=20016"}],"curies":[{"name":"wp","href":"https:\/\/api.w.org\/{rel}","templated":true}]}}