{"id":20014,"date":"2021-04-16T02:30:00","date_gmt":"2021-04-16T02:30:00","guid":{"rendered":"https:\/\/www.radiopresidenteibanez.cl\/web\/?p=20014"},"modified":"2021-04-15T16:29:56","modified_gmt":"2021-04-15T16:29:56","slug":"senador-carlos-bianchi-oficio-al-presidente-de-la-republica-para-que-en-el-uso-de-sus-facultades-postergue-a-la-region-en-traspaso-a-servicios-locales-de-educacion","status":"publish","type":"post","link":"https:\/\/www.radiopresidenteibanez.cl\/web\/senador-carlos-bianchi-oficio-al-presidente-de-la-republica-para-que-en-el-uso-de-sus-facultades-postergue-a-la-region-en-traspaso-a-servicios-locales-de-educacion\/","title":{"rendered":"SENADOR CARLOS BIANCHI OFICI\u00d3 AL PRESIDENTE DE LA REP\u00daBLICA PARA QUE EN EL USO DE SUS FACULTADES POSTERGUE A LA REGI\u00d3N EN TRASPASO A SERVICIOS LOCALES DE EDUCACI\u00d3N"},"content":{"rendered":"\n<p>El senador de\nMagallanes, Carlos Bianchi, solicit\u00f3 en la sesi\u00f3n de esta tarde en el Congreso\nNacional, oficiar al Presidente, Sebasti\u00e1n\nPi\u00f1era para que, tal como lo establece la ley, haga uso de las facultades y\nproceda a suspender el traspaso a Servicio Local de Educaci\u00f3n a la regi\u00f3n de\nMagallanes.<\/p>\n\n\n\n<p>En el documento el\nparlamentario explic\u00f3 que el d\u00eda 29 de marzo de 2021 se public\u00f3 en el diario\noficial el Decreto que determina los 15 nuevos\nServicios Locales de Educaci\u00f3n que entrar\u00e1n en funcionamiento a partir del 1\u00ba\nde marzo de 2022, al amparo de La Ley 21.040, promulgada el a\u00f1o 2017 que\ncre\u00f3 \u201cEl Sistema de Educaci\u00f3n P\u00fablica\u201d <\/p>\n\n\n\n<p>Bianchi dijo que \u201cEntre los nuevos\nservicios de educaci\u00f3n se contempla que en el caso de la regi\u00f3n de magallanes\ningresen con el Servicio Local de Educaci\u00f3n\nP\u00fablica de Magallanes, que comprender\u00e1 las comunas de Punta Arenas, Laguna\nBlanca, R\u00edo Verde, San Gregorio, Cabo de Hornos, Ant\u00e1rtica, Porvenir,\nPrimavera, Timaukel, Natales y Torres del Paine.<\/p>\n\n\n\n<p>El parlamentario,\na\u00f1adi\u00f3 que \u201cTeniendo muy especial consideraci\u00f3n el seguimiento hecho por el\nConsejo de Evaluaci\u00f3n de Educaci\u00f3n P\u00fablica y que ha sido remitido al Presidente\nde la Rep\u00fablica, se solicit\u00f3 el aplazamiento de la implementaci\u00f3n del Servicio Local\nde Educaci\u00f3n de la regi\u00f3n de Magallanes.<\/p>\n\n\n\n<p>Bianchi puntualiz\u00f3\nque \u201cAqu\u00ed la \u00fanica persona, y as\u00ed lo establece la ley que tiene la facultad\npara frenar esto, para que no aplique en caso de nuestra regi\u00f3n al a\u00f1o 2022 es\nel presidente de la rep\u00fablica\u2026 Por lo tanto, desde el senado hoy hicimos llegar\nesta petici\u00f3n formal v\u00eda oficio a trav\u00e9s de la mesa para pedirle al presidente\nde la rep\u00fablica que entienda que este experimento \u2013 este proceso que no ha sido\nexitoso con los 11 que se han llevado a cargo en el resto del pa\u00eds \u2013 no aplique\nen nuestra regi\u00f3n.\u201d<\/p>\n","protected":false},"excerpt":{"rendered":"<p>El senador de Magallanes, Carlos Bianchi, solicit\u00f3 en la sesi\u00f3n de esta tarde en el Congreso Nacional, oficiar al Presidente, Sebasti\u00e1n Pi\u00f1era para que, tal como lo establece la ley,&#8230; <a class=\"read-more\" href=\"https:\/\/www.radiopresidenteibanez.cl\/web\/senador-carlos-bianchi-oficio-al-presidente-de-la-republica-para-que-en-el-uso-de-sus-facultades-postergue-a-la-region-en-traspaso-a-servicios-locales-de-educacion\/\">Leer m\u00e1s<\/a><\/p>\n","protected":false},"author":2,"featured_media":14508,"comment_status":"closed","ping_status":"closed","sticky":false,"template":"","format":"standard","meta":{"footnotes":""},"categories":[1],"tags":[],"class_list":["post-20014","post","type-post","status-publish","format-standard","has-post-thumbnail","hentry","category-cronica"],"_links":{"self":[{"href":"https:\/\/www.radiopresidenteibanez.cl\/web\/wp-json\/wp\/v2\/posts\/20014","targetHints":{"allow":["GET"]}}],"collection":[{"href":"https:\/\/www.radiopresidenteibanez.cl\/web\/wp-json\/wp\/v2\/posts"}],"about":[{"href":"https:\/\/www.radiopresidenteibanez.cl\/web\/wp-json\/wp\/v2\/types\/post"}],"author":[{"embeddable":true,"href":"https:\/\/www.radiopresidenteibanez.cl\/web\/wp-json\/wp\/v2\/users\/2"}],"replies":[{"embeddable":true,"href":"https:\/\/www.radiopresidenteibanez.cl\/web\/wp-json\/wp\/v2\/comments?post=20014"}],"version-history":[{"count":0,"href":"https:\/\/www.radiopresidenteibanez.cl\/web\/wp-json\/wp\/v2\/posts\/20014\/revisions"}],"wp:featuredmedia":[{"embeddable":true,"href":"https:\/\/www.radiopresidenteibanez.cl\/web\/wp-json\/wp\/v2\/media\/14508"}],"wp:attachment":[{"href":"https:\/\/www.radiopresidenteibanez.cl\/web\/wp-json\/wp\/v2\/media?parent=20014"}],"wp:term":[{"taxonomy":"category","embeddable":true,"href":"https:\/\/www.radiopresidenteibanez.cl\/web\/wp-json\/wp\/v2\/categories?post=20014"},{"taxonomy":"post_tag","embeddable":true,"href":"https:\/\/www.radiopresidenteibanez.cl\/web\/wp-json\/wp\/v2\/tags?post=20014"}],"curies":[{"name":"wp","href":"https:\/\/api.w.org\/{rel}","templated":true}]}}