{"id":20006,"date":"2021-04-15T16:17:56","date_gmt":"2021-04-15T16:17:56","guid":{"rendered":"https:\/\/www.radiopresidenteibanez.cl\/web\/?p=20006"},"modified":"2021-04-15T16:18:02","modified_gmt":"2021-04-15T16:18:02","slug":"declaracion-publica-colegio-de-profesores","status":"publish","type":"post","link":"https:\/\/www.radiopresidenteibanez.cl\/web\/declaracion-publica-colegio-de-profesores\/","title":{"rendered":"DECLARACI\u00d3N P\u00daBLICA COLEGIO DE PROFESORES"},"content":{"rendered":"\n<p>VECINOS Y VECINAS DE PUNTA ARENAS<\/p>\n\n\n\n<p>Estamos ciertos que uno de los\ngrandes temas, de mucha preocupaci\u00f3n para los pobladores, es la educaci\u00f3n de\nnuestros ni\u00f1os, ni\u00f1as y j\u00f3venes, esto qued\u00f3 de manifiesto y sin ambig\u00fcedades,\nen octubre, 2019, cuando muchos de nosotros salimos a las calles a demostrar\ndescontento e incluso rabia, frente a situaciones de vulneraci\u00f3n, pobreza y\ndesigualdad que viven miles de familias de nuestro pa\u00eds y quienes trabajamos en\neducaci\u00f3n conocemos de primera fuente aquellas necesidades, agravadas hoy por\nla pandemia existente.<\/p>\n\n\n\n<p>Los y las trabajadores de la\neducaci\u00f3n hemos solicitado reiteradas veces que el estado sea garante de la\neducaci\u00f3n, ya no necesitamos nuevos sostenedores, que vengan a usufructuar de\nlo que en regla les corresponde a nuestros estudiantes, y a quienes\nverdaderamente sostienen la educaci\u00f3n de este pa\u00eds. La pronta implementaci\u00f3n de\nlos nuevos Servicios Locales de Educaci\u00f3n, es un tema grave para los y las\ntrabajadoras de la educaci\u00f3n de toda nuestra regi\u00f3n, ya que, esta situaci\u00f3n,\ntraer\u00e1 aparejado un sin n\u00famero de problem\u00e1ticas para los trabajadores del \u00e1rea\ny sus familias, consecuencias como\ninestabilidad laboral y despidos, as\u00ed tambi\u00e9n, afectar\u00eda directamente a los\nestudiantes, con lineamientos desde una mirada economicista y poco pedag\u00f3gica, por\nmencionar algunos. <\/p>\n\n\n\n<p>Sabemos que la respuesta para hacer\nfrente a las problem\u00e1ticas que hoy vive la educaci\u00f3n, no es el traspaso a los\nSLE, que en la pr\u00e1ctica han demostrado, que no solucionan los problemas de\nfondo e incluso los profundizan, un ejemplo de ello es que dentro del marco de\nsu funcionamiento no han implementado planes de mejora en el aspecto\npedag\u00f3gico, por el contrario, dedican esfuerzos a mejorar sus planes de gesti\u00f3n\nadministrativo-financiera.<\/p>\n\n\n\n<p>Como gremios organizados frente a\neste escenario, hemos programado varias acciones en unidad y que nos permitan\nllegar de alguna forma, a quienes tienen la posibilidad de revertir\nmoment\u00e1neamente esta decisi\u00f3n, apelando a la postergaci\u00f3n, como tambi\u00e9n a la mirada\npara la Educaci\u00f3n P\u00fablica, dentro de la nueva carta fundamental de nuestro\npa\u00eds. <\/p>\n\n\n\n<p>Estimados padres, madres, apoderados,\nvecinos, los llamamos para hacerse parte de esta demanda, apoyando la causa, en\npos del fortalecimiento de la educaci\u00f3n p\u00fablica, haciendo parte de nuestra voz,\nsolicitando que se revierta esta decisi\u00f3n, para el beneficio de la comunidad y\nen pos del reguardo de derechos adquiridos y estabilidad laboral, para las y los\ntrabajadores de la educaci\u00f3n de esta regi\u00f3n.<\/p>\n\n\n\n<p><strong>HASTA\nQUE LA DIGNIDAD SE HAGA COSTUMBRE<\/strong><\/p>\n\n\n\n<p><strong>LA\nEDUCACI\u00d2N DE VUELTA AL ESTADO<\/strong><\/p>\n\n\n\n<p><strong>COLEGIO\nDE PROFESORAS Y PROFESORES, SINDICATOS DE PROFESIONALES DE LA EDUCACI\u00d2N,\nSINDICATOS DE ASISTENTES Y ADMINISTRATIVOS DE LA EDUCACI\u00d2N<\/strong><\/p>\n\n\n\n<p><strong>DE\nLA REGI\u00d2N DE MAGALLANES Y ANTARTICA CHILENA.<\/strong><\/p>\n","protected":false},"excerpt":{"rendered":"<p>VECINOS Y VECINAS DE PUNTA ARENAS Estamos ciertos que uno de los grandes temas, de mucha preocupaci\u00f3n para los pobladores, es la educaci\u00f3n de nuestros ni\u00f1os, ni\u00f1as y j\u00f3venes, esto&#8230; <a class=\"read-more\" href=\"https:\/\/www.radiopresidenteibanez.cl\/web\/declaracion-publica-colegio-de-profesores\/\">Leer m\u00e1s<\/a><\/p>\n","protected":false},"author":2,"featured_media":740,"comment_status":"closed","ping_status":"closed","sticky":false,"template":"","format":"standard","meta":{"footnotes":""},"categories":[1],"tags":[],"class_list":["post-20006","post","type-post","status-publish","format-standard","has-post-thumbnail","hentry","category-cronica"],"_links":{"self":[{"href":"https:\/\/www.radiopresidenteibanez.cl\/web\/wp-json\/wp\/v2\/posts\/20006","targetHints":{"allow":["GET"]}}],"collection":[{"href":"https:\/\/www.radiopresidenteibanez.cl\/web\/wp-json\/wp\/v2\/posts"}],"about":[{"href":"https:\/\/www.radiopresidenteibanez.cl\/web\/wp-json\/wp\/v2\/types\/post"}],"author":[{"embeddable":true,"href":"https:\/\/www.radiopresidenteibanez.cl\/web\/wp-json\/wp\/v2\/users\/2"}],"replies":[{"embeddable":true,"href":"https:\/\/www.radiopresidenteibanez.cl\/web\/wp-json\/wp\/v2\/comments?post=20006"}],"version-history":[{"count":0,"href":"https:\/\/www.radiopresidenteibanez.cl\/web\/wp-json\/wp\/v2\/posts\/20006\/revisions"}],"wp:featuredmedia":[{"embeddable":true,"href":"https:\/\/www.radiopresidenteibanez.cl\/web\/wp-json\/wp\/v2\/media\/740"}],"wp:attachment":[{"href":"https:\/\/www.radiopresidenteibanez.cl\/web\/wp-json\/wp\/v2\/media?parent=20006"}],"wp:term":[{"taxonomy":"category","embeddable":true,"href":"https:\/\/www.radiopresidenteibanez.cl\/web\/wp-json\/wp\/v2\/categories?post=20006"},{"taxonomy":"post_tag","embeddable":true,"href":"https:\/\/www.radiopresidenteibanez.cl\/web\/wp-json\/wp\/v2\/tags?post=20006"}],"curies":[{"name":"wp","href":"https:\/\/api.w.org\/{rel}","templated":true}]}}