{"id":20001,"date":"2021-04-15T03:15:00","date_gmt":"2021-04-15T03:15:00","guid":{"rendered":"https:\/\/www.radiopresidenteibanez.cl\/web\/?p=20001"},"modified":"2021-04-14T19:00:44","modified_gmt":"2021-04-14T19:00:44","slug":"gobernadora-ericka-farias-y-alcalde-roberto-cardenas-visitan-avance-de-proyectos-en-la-comuna-de-torres-del-paine","status":"publish","type":"post","link":"https:\/\/www.radiopresidenteibanez.cl\/web\/gobernadora-ericka-farias-y-alcalde-roberto-cardenas-visitan-avance-de-proyectos-en-la-comuna-de-torres-del-paine\/","title":{"rendered":"GOBERNADORA ERICKA FAR\u00cdAS Y ALCALDE ROBERTO C\u00c1RDENAS VISITAN AVANCE DE PROYECTOS EN LA COMUNA DE TORRES DEL PAINE"},"content":{"rendered":"\n<p>Hasta\nla comuna de Torres del Paine lleg\u00f3 la gobernadora Ericka Far\u00edas para reunirse\ncon el alcalde Roberto C\u00e1rdenas, jornada en la cual pudieron visitar los\navances de diversos proyectos que se est\u00e1n llevando a cabo tanto en el sector\nde Villa Cerro Castillo, as\u00ed como en Villa Cerro Guido. En su recorrido, ambas\nautoridades aprovecharon la oportunidad para entregar material pedag\u00f3gico a alumnos\nde los establecimientos educacionales de la comuna.<\/p>\n\n\n\n<p>Asimismo,\npudieron recorrer las dependencias de la Escuela Ram\u00f3n Serrano Montaner, donde\nse realizaron mejoramientos adem\u00e1s de implementaci\u00f3n de protocolos sanitarios.\nEste proyecto considera la normalizaci\u00f3n e instalaci\u00f3n de se\u00f1al\u00e9ticas, luces de\nemergencia, puertas de apertura mediante sensor, toma de temperatura, entre\notros.<\/p>\n\n\n\n<p>Sobre\nesto, la gobernadora Ericka Far\u00edas se\u00f1al\u00f3 \u201cpudimos visitar la Escuela Ram\u00f3n\nSerrano Montaner para apreciar las implementaciones que se est\u00e1n haciendo para\nun retorno a clases seguro. Tambi\u00e9n recorrimos distintas obras que son de\nimpacto relevante para la comuna como el mejoramiento de las instalaciones de\nlos jardines de Cerro Guido y Cerro Castillo, adem\u00e1s, estuvimos recorriendo los\ndistintos puntos de la comuna para entregar maletines culturales por parte del\nGobierno del presidente Pi\u00f1era, los cuales son destinados a ni\u00f1os de establecimientos\nde la comuna\u201d. <\/p>\n\n\n\n<p>En\ntanto, el alcalde Roberto C\u00e1rdenas valor\u00f3 el desarrollo de estas obras\nrealizadas en la comuna a partir de fondos del Gobierno Regional, al respecto\nse\u00f1al\u00f3 \u201cpudimos visitar las pavimentaciones, en su primera y segunda etapa,\nobras muy importantes para el desarrollo de la conectividad de Torres del\nPaine\u201d. <\/p>\n\n\n\n<p>Adem\u00e1s,\nla autoridad comunal agreg\u00f3 \u201cestuvimos en el sector del camping municipal donde\nir\u00e1 un futuro generador de respaldo que estamos gestionando a trav\u00e9s de la\nempresa Edelmag para dar continuidad al suministro el\u00e9ctrico de Villa Cerro\nCastillo, entendiendo que muchas veces cuando hay alg\u00fan problema de suministro\nel\u00e9ctrico desde Puerto Natales a Villa Cerro Castillo, el trayecto es muy\nlargo. Con este generador vamos a asegurar la continuidad de suministro durante\nlas 24 horas del d\u00eda en Villa Cerro Castillo\u201d.<\/p>\n\n\n\n<p>Finalmente,\ntuvieron la posibilidad de visitar tanto la construcci\u00f3n del nuevo jard\u00edn\ninfantil de Villa Cerro Castillo, El Castillito; as\u00ed como el de Cerro Guido, Solcito\nde la Patagonia; dos obras que entregar\u00e1n las condiciones \u00f3ptimas para el\ndesarrollo y educaci\u00f3n de p\u00e1rvulos de la comuna Torres del Paine.\n\nDe\neste modo, a trav\u00e9s de una nutrida agenda, tanto la gobernadora Far\u00edas como el\nalcalde C\u00e1rdenas, pudieron conocer en terreno el estado de avance de diversos\nproyectos con financiamiento del Gobierno, orientados a optimizar la\nconectividad, generar espacios y proteger a los estudiantes y comunidad en\ngeneral, a trav\u00e9s de la implementaci\u00f3n de los protocolos sanitarios que Salud\nexige.\n\n\n\n<\/p>\n","protected":false},"excerpt":{"rendered":"<p>Hasta la comuna de Torres del Paine lleg\u00f3 la gobernadora Ericka Far\u00edas para reunirse con el alcalde Roberto C\u00e1rdenas, jornada en la cual pudieron visitar los avances de diversos proyectos&#8230; <a class=\"read-more\" href=\"https:\/\/www.radiopresidenteibanez.cl\/web\/gobernadora-ericka-farias-y-alcalde-roberto-cardenas-visitan-avance-de-proyectos-en-la-comuna-de-torres-del-paine\/\">Leer m\u00e1s<\/a><\/p>\n","protected":false},"author":2,"featured_media":20002,"comment_status":"closed","ping_status":"closed","sticky":false,"template":"","format":"standard","meta":{"footnotes":""},"categories":[1],"tags":[],"class_list":["post-20001","post","type-post","status-publish","format-standard","has-post-thumbnail","hentry","category-cronica"],"_links":{"self":[{"href":"https:\/\/www.radiopresidenteibanez.cl\/web\/wp-json\/wp\/v2\/posts\/20001","targetHints":{"allow":["GET"]}}],"collection":[{"href":"https:\/\/www.radiopresidenteibanez.cl\/web\/wp-json\/wp\/v2\/posts"}],"about":[{"href":"https:\/\/www.radiopresidenteibanez.cl\/web\/wp-json\/wp\/v2\/types\/post"}],"author":[{"embeddable":true,"href":"https:\/\/www.radiopresidenteibanez.cl\/web\/wp-json\/wp\/v2\/users\/2"}],"replies":[{"embeddable":true,"href":"https:\/\/www.radiopresidenteibanez.cl\/web\/wp-json\/wp\/v2\/comments?post=20001"}],"version-history":[{"count":0,"href":"https:\/\/www.radiopresidenteibanez.cl\/web\/wp-json\/wp\/v2\/posts\/20001\/revisions"}],"wp:featuredmedia":[{"embeddable":true,"href":"https:\/\/www.radiopresidenteibanez.cl\/web\/wp-json\/wp\/v2\/media\/20002"}],"wp:attachment":[{"href":"https:\/\/www.radiopresidenteibanez.cl\/web\/wp-json\/wp\/v2\/media?parent=20001"}],"wp:term":[{"taxonomy":"category","embeddable":true,"href":"https:\/\/www.radiopresidenteibanez.cl\/web\/wp-json\/wp\/v2\/categories?post=20001"},{"taxonomy":"post_tag","embeddable":true,"href":"https:\/\/www.radiopresidenteibanez.cl\/web\/wp-json\/wp\/v2\/tags?post=20001"}],"curies":[{"name":"wp","href":"https:\/\/api.w.org\/{rel}","templated":true}]}}