{"id":19998,"date":"2021-04-15T03:00:00","date_gmt":"2021-04-15T03:00:00","guid":{"rendered":"https:\/\/www.radiopresidenteibanez.cl\/web\/?p=19998"},"modified":"2021-04-14T18:59:33","modified_gmt":"2021-04-14T18:59:33","slug":"conaf-modifica-horarios-y-dias-de-atencion-al-publico-de-reservas-nacionales-magallanes-y-laguna-parrillar-por-retroceso-de-punta-arenas-a-fase-2","status":"publish","type":"post","link":"https:\/\/www.radiopresidenteibanez.cl\/web\/conaf-modifica-horarios-y-dias-de-atencion-al-publico-de-reservas-nacionales-magallanes-y-laguna-parrillar-por-retroceso-de-punta-arenas-a-fase-2\/","title":{"rendered":"CONAF MODIFICA HORARIOS Y D\u00cdAS DE ATENCI\u00d3N AL P\u00daBLICO DE RESERVAS NACIONALES \u201cMAGALLANES\u201d Y \u201cLAGUNA PARRILLAR\u201d POR RETROCESO DE PUNTA ARENAS A FASE 2"},"content":{"rendered":"\n<p>Al igual que el Monumento Natural Cueva del Milod\u00f3n, que\ndebi\u00f3 modificar sus horarios y d\u00edas de ingreso de p\u00fablico debido al retroceso\nde Puerto Natales a la fase 2 del plan Paso a Paso del Ministerio de Salud,\nahora es el turno de las \u00e1reas silvestres protegidas cercanas a Punta Arenas\ncomo es el caso de las Reservas Nacionales Magallanes y Laguna Parrillar.<\/p>\n\n\n\n<p>En este aspecto, desde este jueves 15 de abril, ambas \u00e1reas\nsilvestres protegidas administradas por CONAF vuelven a los mismos d\u00edas y\nhorarios que ten\u00edan cuando anunciaron su reapertura el pasado mes de enero tras\ncasi un a\u00f1o de cierre al p\u00fablico. <\/p>\n\n\n\n<p>Es as\u00ed que la atenci\u00f3n de p\u00fablico ser\u00e1 de martes a jueves\ndesde las 9 a 17 hrs. y viernes de 9 a 16 horas, permaneciendo cerradas los\nfines de semana y el lunes que ser\u00e1 dedicado por el personal guardaparques a\nacciones de sanitizaci\u00f3n.<\/p>\n\n\n\n<p>En el caso de la Reserva Nacional Magallanes, ubicada a 5\nkil\u00f3metros de Punta Arenas, el aforo ser\u00e1 de 270 personas, permiti\u00e9ndose s\u00f3lo\nactividades por el d\u00eda de trekking, observaci\u00f3n de la naturaleza, ciclismo en\nsenderos habilitados y actividades grupales de hasta 20 personas. El \u00fanico\ningreso autorizado ser\u00e1 por porter\u00eda Las Minas, prolongaci\u00f3n Salvador Allende,\ndonde se encuentra la Administraci\u00f3n, ya que el sector Bocatoma se encontrar\u00e1\ncerrado.<\/p>\n\n\n\n<p>Mientras que en la Reserva Nacional Laguna Parrillar, ubicada\na 80 kil\u00f3metros de la ciudad, por el sector de Agua Fresca, el aforo ser\u00e1 de 90\npersonas y s\u00f3lo se permitir\u00e1n actividades de senderismo por el d\u00eda y tambi\u00e9n\nactividades grupales de 20 personas. Actividades de pesca deportiva ya no est\u00e1n\npermitidas. <\/p>\n","protected":false},"excerpt":{"rendered":"<p>Al igual que el Monumento Natural Cueva del Milod\u00f3n, que debi\u00f3 modificar sus horarios y d\u00edas de ingreso de p\u00fablico debido al retroceso de Puerto Natales a la fase 2&#8230; <a class=\"read-more\" href=\"https:\/\/www.radiopresidenteibanez.cl\/web\/conaf-modifica-horarios-y-dias-de-atencion-al-publico-de-reservas-nacionales-magallanes-y-laguna-parrillar-por-retroceso-de-punta-arenas-a-fase-2\/\">Leer m\u00e1s<\/a><\/p>\n","protected":false},"author":2,"featured_media":19999,"comment_status":"closed","ping_status":"closed","sticky":false,"template":"","format":"standard","meta":{"footnotes":""},"categories":[1],"tags":[],"class_list":["post-19998","post","type-post","status-publish","format-standard","has-post-thumbnail","hentry","category-cronica"],"_links":{"self":[{"href":"https:\/\/www.radiopresidenteibanez.cl\/web\/wp-json\/wp\/v2\/posts\/19998","targetHints":{"allow":["GET"]}}],"collection":[{"href":"https:\/\/www.radiopresidenteibanez.cl\/web\/wp-json\/wp\/v2\/posts"}],"about":[{"href":"https:\/\/www.radiopresidenteibanez.cl\/web\/wp-json\/wp\/v2\/types\/post"}],"author":[{"embeddable":true,"href":"https:\/\/www.radiopresidenteibanez.cl\/web\/wp-json\/wp\/v2\/users\/2"}],"replies":[{"embeddable":true,"href":"https:\/\/www.radiopresidenteibanez.cl\/web\/wp-json\/wp\/v2\/comments?post=19998"}],"version-history":[{"count":0,"href":"https:\/\/www.radiopresidenteibanez.cl\/web\/wp-json\/wp\/v2\/posts\/19998\/revisions"}],"wp:featuredmedia":[{"embeddable":true,"href":"https:\/\/www.radiopresidenteibanez.cl\/web\/wp-json\/wp\/v2\/media\/19999"}],"wp:attachment":[{"href":"https:\/\/www.radiopresidenteibanez.cl\/web\/wp-json\/wp\/v2\/media?parent=19998"}],"wp:term":[{"taxonomy":"category","embeddable":true,"href":"https:\/\/www.radiopresidenteibanez.cl\/web\/wp-json\/wp\/v2\/categories?post=19998"},{"taxonomy":"post_tag","embeddable":true,"href":"https:\/\/www.radiopresidenteibanez.cl\/web\/wp-json\/wp\/v2\/tags?post=19998"}],"curies":[{"name":"wp","href":"https:\/\/api.w.org\/{rel}","templated":true}]}}