{"id":19995,"date":"2021-04-15T02:45:00","date_gmt":"2021-04-15T02:45:00","guid":{"rendered":"https:\/\/www.radiopresidenteibanez.cl\/web\/?p=19995"},"modified":"2021-04-14T18:55:32","modified_gmt":"2021-04-14T18:55:32","slug":"reposicion-de-aceras-e-instalacion-de-senaleticas-son-solo-algunos-de-los-trabajos-que-se-realizan-por-estos-dias-en-porvenir","status":"publish","type":"post","link":"https:\/\/www.radiopresidenteibanez.cl\/web\/reposicion-de-aceras-e-instalacion-de-senaleticas-son-solo-algunos-de-los-trabajos-que-se-realizan-por-estos-dias-en-porvenir\/","title":{"rendered":"REPOSICI\u00d3N DE ACERAS E INSTALACI\u00d3N DE SE\u00d1AL\u00c9TICAS SON SOLO ALGUNOS DE LOS TRABAJOS QUE SE REALIZAN POR ESTOS D\u00cdAS EN PORVENIR"},"content":{"rendered":"\n<p>10 tramos de calle Chilo\u00e9 ser\u00e1n\nintervenidos en Porvenir, asimismo se trabaja en un segundo proyecto llamado\nmejoramiento y circulaci\u00f3n universal y tur\u00edstica y que contempla la instalaci\u00f3n\nde diversas se\u00f1al\u00e9ticas en la comuna fueguina, ambos trabajos ya se iniciaron y\nestar\u00e1n finalizados en 150 d\u00edas.<\/p>\n\n\n\n<p>Al respecto la alcaldesa de Porvenir, Marisol\nAndrade C\u00e1rdenas, dijo que \u201cconsiderando el gran avance que ha tenido la\npavimentaci\u00f3n de calles, queremos ir de la misma forma con la pavimentaci\u00f3n y\nmejoramiento de las veredas para mejorar el acceso peatonal de nuestros vecinos\ny especialmente pensando en el adulto mayor\u201d.<\/p>\n\n\n\n<p>Agreg\u00f3 la jefa comunal, que \u201ctenemos veredas\nemblem\u00e1ticas las que vamos a reparar, estamos pensando en la calle Chilo\u00e9 que\ntiene 10 tramos que se van a cambiar estas veredas y lo mismo pasar\u00e1 con otras\ncalles c\u00e9ntricas de Porvenir, de tal manera de darle la calidad y la comodidad\npara transitar en forma c\u00f3moda y segura para nuestros vecinos\u201d.<\/p>\n\n\n\n<p>Cabe mencionar que durante el a\u00f1o 2020\nse postul\u00f3 a dos proyectos, el primero se llama reposici\u00f3n de aceras en calle\nChilo\u00e9 y el segundo proyecto se llama mejoramiento de circulaci\u00f3n universal y\ntur\u00edstica en diversos sectores de la comuna de Porvenir.<\/p>\n\n\n\n<p>El primero consiste en la\npavimentaci\u00f3n de 10 tramos de veredas que constituyen mil metros lineales de\npavimentaci\u00f3n, el cual parti\u00f3 desde calle John Williams hasta calle Dubl\u00e9 Almeida\ny el segundo proyecto consta en un mejoramiento en la circulaci\u00f3n universal que\ncontempla 40 se\u00f1al\u00e9ticas de \u00edndole tur\u00edstica tambi\u00e9n cuenta con la\nincorporaci\u00f3n de 6 balizas peatonales en diversos sectores, adem\u00e1s &nbsp;con 221 puntos donde se van a realizar rebajes\nque va a permitir a la gente que se desplace tener mayor movilidad y que sea\nmucho m\u00e1s f\u00e1cil para las personas en situaci\u00f3n de discapacidad y tambi\u00e9n para\nel adulto mayor.\n\nEl proyecto de\nreposici\u00f3n de aceras tiene un monto asignado de 91 millones 306 mil pesos y el\ntiempo de ejecuci\u00f3n es de 150 d\u00edas corridos, mientras que el segundo proyecto de\nmejoramiento y circulaci\u00f3n universal tiene un valor de 99 millones 345 mil\npesos y el tiempo de ejecuci\u00f3n ser\u00e1 de 120 d\u00edas corridos.\n\n\n\n<\/p>\n","protected":false},"excerpt":{"rendered":"<p>10 tramos de calle Chilo\u00e9 ser\u00e1n intervenidos en Porvenir, asimismo se trabaja en un segundo proyecto llamado mejoramiento y circulaci\u00f3n universal y tur\u00edstica y que contempla la instalaci\u00f3n de diversas&#8230; <a class=\"read-more\" href=\"https:\/\/www.radiopresidenteibanez.cl\/web\/reposicion-de-aceras-e-instalacion-de-senaleticas-son-solo-algunos-de-los-trabajos-que-se-realizan-por-estos-dias-en-porvenir\/\">Leer m\u00e1s<\/a><\/p>\n","protected":false},"author":2,"featured_media":19996,"comment_status":"closed","ping_status":"closed","sticky":false,"template":"","format":"standard","meta":{"footnotes":""},"categories":[1],"tags":[],"class_list":["post-19995","post","type-post","status-publish","format-standard","has-post-thumbnail","hentry","category-cronica"],"_links":{"self":[{"href":"https:\/\/www.radiopresidenteibanez.cl\/web\/wp-json\/wp\/v2\/posts\/19995","targetHints":{"allow":["GET"]}}],"collection":[{"href":"https:\/\/www.radiopresidenteibanez.cl\/web\/wp-json\/wp\/v2\/posts"}],"about":[{"href":"https:\/\/www.radiopresidenteibanez.cl\/web\/wp-json\/wp\/v2\/types\/post"}],"author":[{"embeddable":true,"href":"https:\/\/www.radiopresidenteibanez.cl\/web\/wp-json\/wp\/v2\/users\/2"}],"replies":[{"embeddable":true,"href":"https:\/\/www.radiopresidenteibanez.cl\/web\/wp-json\/wp\/v2\/comments?post=19995"}],"version-history":[{"count":0,"href":"https:\/\/www.radiopresidenteibanez.cl\/web\/wp-json\/wp\/v2\/posts\/19995\/revisions"}],"wp:featuredmedia":[{"embeddable":true,"href":"https:\/\/www.radiopresidenteibanez.cl\/web\/wp-json\/wp\/v2\/media\/19996"}],"wp:attachment":[{"href":"https:\/\/www.radiopresidenteibanez.cl\/web\/wp-json\/wp\/v2\/media?parent=19995"}],"wp:term":[{"taxonomy":"category","embeddable":true,"href":"https:\/\/www.radiopresidenteibanez.cl\/web\/wp-json\/wp\/v2\/categories?post=19995"},{"taxonomy":"post_tag","embeddable":true,"href":"https:\/\/www.radiopresidenteibanez.cl\/web\/wp-json\/wp\/v2\/tags?post=19995"}],"curies":[{"name":"wp","href":"https:\/\/api.w.org\/{rel}","templated":true}]}}