{"id":19992,"date":"2021-04-15T02:30:00","date_gmt":"2021-04-15T02:30:00","guid":{"rendered":"https:\/\/www.radiopresidenteibanez.cl\/web\/?p=19992"},"modified":"2021-04-14T18:49:05","modified_gmt":"2021-04-14T18:49:05","slug":"diputado-gabriel-boric-y-parlamentarios-de-oposicion-presentan-proyecto-que-promueve-la-paridad-en-la-inversion-de-la-salud-mental","status":"publish","type":"post","link":"https:\/\/www.radiopresidenteibanez.cl\/web\/diputado-gabriel-boric-y-parlamentarios-de-oposicion-presentan-proyecto-que-promueve-la-paridad-en-la-inversion-de-la-salud-mental\/","title":{"rendered":"DIPUTADO GABRIEL BORIC Y PARLAMENTARIOS DE OPOSICI\u00d3N PRESENTAN PROYECTO QUE PROMUEVE LA PARIDAD EN LA INVERSI\u00d3N DE LA SALUD MENTAL"},"content":{"rendered":"\n<p>\n\nEn Chile las enfermedades mentales son la primera causa de licencia m\u00e9dica desde 2008, pero el 53% de ellas se rechaza. Se ha estimado que en Chile, 36% de la poblaci\u00f3n tendr\u00e1 a lo largo de su vida alguna enfermedad mental. Debido a la pandemia, los expertos estiman que esto podr\u00eda aumentar, por eso la Organizaci\u00f3n Mundial de la Salud (OMS) ha declarado que estar\u00edamos frente a una segunda pandemia, que podr\u00eda ser m\u00e1s persistente e incluso m\u00e1s costosa que la del COVID-19.&nbsp;<\/p>\n\n\n\n<p>El presupuesto en Chile no responde a la magnitud de las necesidades: apenas se destina cerca de 2,2% del presupuesto total de salud en salud mental, mientras que en los pa\u00edses de la OCDE se invierte entre el 8% y 18% del gasto total en salud.<\/p>\n\n\n\n<p>\u201cLa salud mental importa y eso requiere que se traduzca en acciones efectivas por parte del Estado para proteger y promover la salud mental del pueblo de Chile, por eso despu\u00e9s de un trabajo de varios meses con expertos, expertas y organizaciones comunitarias vinculadas a la salud mental en nuestro pa\u00eds, presentamos este proyecto de ley que establece la paridad en la inversi\u00f3n de la salud mental en Chile\u201d, explic\u00f3 el diputado de Convergencia Social, Gabriel Boric.&nbsp;<\/p>\n\n\n\n<p>El proyecto de ley establece mecanismos que promuevan y garanticen el derecho de acceso sin discriminaci\u00f3n a la salud mental y es suscrito por las y los diputados Gabriel Boric, Miguel Crispi, Claudia Mix, Carolina Marzan, Maite Orsini, Gael Yeomans, Diego Ib\u00e1\u00f1ez, Marcela Sandoval, Tom\u00e1s Hirsch y Camila Rojas.<\/p>\n\n\n\n<p>El proyecto establece que \u201ctoda persona tiene el derecho a que el estado promueva el m\u00e1s alto nivel de salud mental y que haya un gasto correlativo de que por cada peso que se gaste en salud f\u00edsica, haya una proporci\u00f3n que se gaste en salud mental\u201d. Adem\u00e1s, establece la obligaci\u00f3n de que las isapres y los seguros complementarios no establezcan topes discriminatorios en materia de salud mental, que los futuros establecimientos de salud consideren \u00e1reas de atenci\u00f3n para la salud mental y que exista un financiamiento progresivo que deber\u00e1 ser informado todos los a\u00f1os respecto de la salud mental en Chile por parte del Ministerio de Hacienda en el Congreso Nacional.&nbsp;<\/p>\n\n\n\n<p>\u201cHay temas que parecieran ser tremendamente urgentes, los chilenos y chilenas lo est\u00e1n pasando muy mal y si no nos hacemos cargo del fondo de ellos, en Chile vamos a hipotecar nuestras posibilidades de ser felices, por lo tanto, invito a que nos hagamos cargo de los temas de fondo y, en particular este, como ha sido la l\u00ednea de nuestra candidatura, presentar propuestas de corto, mediano y largo plazo para enfrentar la crisis que estamos viviendo\u201d, finaliz\u00f3 el diputado Boric.\n\n<\/p>\n","protected":false},"excerpt":{"rendered":"<p>En Chile las enfermedades mentales son la primera causa de licencia m\u00e9dica desde 2008, pero el 53% de ellas se rechaza. Se ha estimado que en Chile, 36% de la&#8230; <a class=\"read-more\" href=\"https:\/\/www.radiopresidenteibanez.cl\/web\/diputado-gabriel-boric-y-parlamentarios-de-oposicion-presentan-proyecto-que-promueve-la-paridad-en-la-inversion-de-la-salud-mental\/\">Leer m\u00e1s<\/a><\/p>\n","protected":false},"author":2,"featured_media":19993,"comment_status":"closed","ping_status":"closed","sticky":false,"template":"","format":"standard","meta":{"footnotes":""},"categories":[1],"tags":[],"class_list":["post-19992","post","type-post","status-publish","format-standard","has-post-thumbnail","hentry","category-cronica"],"_links":{"self":[{"href":"https:\/\/www.radiopresidenteibanez.cl\/web\/wp-json\/wp\/v2\/posts\/19992","targetHints":{"allow":["GET"]}}],"collection":[{"href":"https:\/\/www.radiopresidenteibanez.cl\/web\/wp-json\/wp\/v2\/posts"}],"about":[{"href":"https:\/\/www.radiopresidenteibanez.cl\/web\/wp-json\/wp\/v2\/types\/post"}],"author":[{"embeddable":true,"href":"https:\/\/www.radiopresidenteibanez.cl\/web\/wp-json\/wp\/v2\/users\/2"}],"replies":[{"embeddable":true,"href":"https:\/\/www.radiopresidenteibanez.cl\/web\/wp-json\/wp\/v2\/comments?post=19992"}],"version-history":[{"count":0,"href":"https:\/\/www.radiopresidenteibanez.cl\/web\/wp-json\/wp\/v2\/posts\/19992\/revisions"}],"wp:featuredmedia":[{"embeddable":true,"href":"https:\/\/www.radiopresidenteibanez.cl\/web\/wp-json\/wp\/v2\/media\/19993"}],"wp:attachment":[{"href":"https:\/\/www.radiopresidenteibanez.cl\/web\/wp-json\/wp\/v2\/media?parent=19992"}],"wp:term":[{"taxonomy":"category","embeddable":true,"href":"https:\/\/www.radiopresidenteibanez.cl\/web\/wp-json\/wp\/v2\/categories?post=19992"},{"taxonomy":"post_tag","embeddable":true,"href":"https:\/\/www.radiopresidenteibanez.cl\/web\/wp-json\/wp\/v2\/tags?post=19992"}],"curies":[{"name":"wp","href":"https:\/\/api.w.org\/{rel}","templated":true}]}}