{"id":19990,"date":"2021-04-15T02:15:00","date_gmt":"2021-04-15T02:15:00","guid":{"rendered":"https:\/\/www.radiopresidenteibanez.cl\/web\/?p=19990"},"modified":"2021-04-14T18:38:35","modified_gmt":"2021-04-14T18:38:35","slug":"programa-accion-local-fortalecio-labor-comunita-ria-en-reconocido-territorio-de-punta-arenas","status":"publish","type":"post","link":"https:\/\/www.radiopresidenteibanez.cl\/web\/programa-accion-local-fortalecio-labor-comunita-ria-en-reconocido-territorio-de-punta-arenas\/","title":{"rendered":"PROGRAMA \u00abACCI\u00d3N LOCAL\u00bb FORTALECI\u00d3 LABOR COMUNITA-RIA EN RECONOCIDO TERRITORIO DE PUNTA ARENAS"},"content":{"rendered":"\n<p>A pesar del complejo escenario pand\u00e9mico y las limitaciones que\nconllevan las fases del plan Paso a Paso la\nevaluaci\u00f3n de esta iniciativa comunitaria es muy positiva. Desde que se\niniciara, el segundo semestre del a\u00f1o pasado, y luego de un periodo de\ninserci\u00f3n, articulaci\u00f3n y la realizaci\u00f3n de\nun diagn\u00f3stico territorial, se conform\u00f3 un grupo motor, compuesto por\nrepresentantes de los diversos sectores, quienes lideraron y participaron\nactivamente en el programa, principalmente en la elaboraci\u00f3n de un Plan de\nDesarrollo Local, donde se priorizaron las necesidades del territorio.<\/p>\n\n\n\n<p>Este es el objetivo del programa \u00abAcci\u00f3n Local\u00bb, iniciativa impulsada\npor el Fondo de Solidaridad e Inversi\u00f3n Social, FOSIS, servicio relacionado al\nMinisterio de Desarrollo Social y Familia, que busca formar y acompa\u00f1ar a los\nvecinos y actores relevantes de un determinado territorio, para la b\u00fasqueda de\nsoluciones a problem\u00e1ticas para mejorar su calidad de vida en comunidad.<\/p>\n\n\n\n<p>Con el apoyo del ejecutor, la consultora Educap, este plan se present\u00f3 y socializ\u00f3 a diversos actores p\u00fablicos y\nprivados insertos en los territorios, para luego pasar a una votaci\u00f3n\ncomunitaria, que por el contexto sanitario se realiz\u00f3 de manera virtual, con la\nparticipaci\u00f3n de 281 personas, quienes decidieron qu\u00e9\niniciativas iban a ser financiadas con el fondo de 8 millones de pesos del\nFOSIS. <\/p>\n\n\n\n<p>La restauraci\u00f3n e implementaci\u00f3n de multicanchas del\nterritorio para uso de actividades deportivas y recreativas junto con la\nrestauraci\u00f3n de juegos existentes en parques y plazas del sector fueros las\nelegidas. Adem\u00e1s de la adquisici\u00f3n de implementaci\u00f3n deportiva para los vecinos\ny vecinas, como petos deportivos, balones\ny redes para diversas disciplinas.<\/p>\n\n\n\n<p>La presidenta de la junta de vecinos Cardenal\nRa\u00fal Silva Henr\u00edquez, Liz C\u00e1rcamo, describi\u00f3 parte del proceso. \u00abVimos la\nproblem\u00e1tica del sector, conversamos sobre los temas, hubo invitados y\nrepresentantes de \u00e1reas importantes del gobierno o de instituciones que\npudieran resolver ciertas problem\u00e1ticas del territorio y nosotros expusimos lo\nque creemos es relevante ac\u00e1\u00bb.<\/p>\n\n\n\n<p>Por su parte, la representante del Campamento Lautaro, Patricia\nLabr\u00edn, se\u00f1al\u00f3 que \u00abfue una oportunidad, una ventana que se abri\u00f3 para que la\ngente pueda conocer c\u00f3mo se trabaja en el capamento. Ha sido una iniciativa\nsuper buena, se han formado buenas relaciones con las dem\u00e1s representantes del\nterritorio, ha sido una oportunidad para nosotros como campamento\u00bb.<\/p>\n\n\n\n<p>\u00abLogramos concretar lo que se quer\u00eda hacer. Nos hemos motivado bastante con la mejora d ela multicancha, estamos haciendo campeonatos de baby f\u00fatbol&#8230; super felices por esta iniciativa\u00bb, manifest\u00f3 Elizabeth Trujillo, presidenta de Villa Las Etnias.<\/p>\n\n\n\n<p>El director del FOSIS, Hern\u00e1n Soto, explic\u00f3 que \u00abla articulaci\u00f3n entre\nlos sectores no fue f\u00e1cil, pero se logr\u00f3. Hubo un buen manejo de grupo a trav\u00e9s\nde los talleres que realiz\u00f3 la consultora Educap. Este programa m\u00e1s all\u00e1 de\nbeneficiar a j\u00f3venes y adolescentes con las mejoras y la implementaci\u00f3n\ndeportiva que entregamos, busca fortalecer la comunicaci\u00f3n entre los sectores\npara que puedan seguir trabajando para mejorar la calidad de vida de su\nsector\u00bb.<\/p>\n\n\n\n<p>Finalmente, la Seremi de Desarrollo Social y Familia, Liz Casanueva,\ndestac\u00f3 que \u00abel trabajo comunitario siempre se destaca por la sinergia que se\nproduce entre sus vecinos, y por supuesto, de la gesti\u00f3n de los dirigentes que\nest\u00e1n a\u00f1o a a\u00f1o trabajando por su sector y que conocen la realidad de sus\nterritorios, aportando liderazgo, m\u00e1s en un periodo tan complejo como el que estamos\nviviendo actualmente\u00bb. <\/p>\n","protected":false},"excerpt":{"rendered":"<p>A pesar del complejo escenario pand\u00e9mico y las limitaciones que conllevan las fases del plan Paso a Paso la evaluaci\u00f3n de esta iniciativa comunitaria es muy positiva. Desde que se&#8230; <a class=\"read-more\" href=\"https:\/\/www.radiopresidenteibanez.cl\/web\/programa-accion-local-fortalecio-labor-comunita-ria-en-reconocido-territorio-de-punta-arenas\/\">Leer m\u00e1s<\/a><\/p>\n","protected":false},"author":2,"featured_media":740,"comment_status":"closed","ping_status":"closed","sticky":false,"template":"","format":"standard","meta":{"footnotes":""},"categories":[1],"tags":[],"class_list":["post-19990","post","type-post","status-publish","format-standard","has-post-thumbnail","hentry","category-cronica"],"_links":{"self":[{"href":"https:\/\/www.radiopresidenteibanez.cl\/web\/wp-json\/wp\/v2\/posts\/19990","targetHints":{"allow":["GET"]}}],"collection":[{"href":"https:\/\/www.radiopresidenteibanez.cl\/web\/wp-json\/wp\/v2\/posts"}],"about":[{"href":"https:\/\/www.radiopresidenteibanez.cl\/web\/wp-json\/wp\/v2\/types\/post"}],"author":[{"embeddable":true,"href":"https:\/\/www.radiopresidenteibanez.cl\/web\/wp-json\/wp\/v2\/users\/2"}],"replies":[{"embeddable":true,"href":"https:\/\/www.radiopresidenteibanez.cl\/web\/wp-json\/wp\/v2\/comments?post=19990"}],"version-history":[{"count":0,"href":"https:\/\/www.radiopresidenteibanez.cl\/web\/wp-json\/wp\/v2\/posts\/19990\/revisions"}],"wp:featuredmedia":[{"embeddable":true,"href":"https:\/\/www.radiopresidenteibanez.cl\/web\/wp-json\/wp\/v2\/media\/740"}],"wp:attachment":[{"href":"https:\/\/www.radiopresidenteibanez.cl\/web\/wp-json\/wp\/v2\/media?parent=19990"}],"wp:term":[{"taxonomy":"category","embeddable":true,"href":"https:\/\/www.radiopresidenteibanez.cl\/web\/wp-json\/wp\/v2\/categories?post=19990"},{"taxonomy":"post_tag","embeddable":true,"href":"https:\/\/www.radiopresidenteibanez.cl\/web\/wp-json\/wp\/v2\/tags?post=19990"}],"curies":[{"name":"wp","href":"https:\/\/api.w.org\/{rel}","templated":true}]}}