{"id":19987,"date":"2021-04-15T02:00:00","date_gmt":"2021-04-15T02:00:00","guid":{"rendered":"https:\/\/www.radiopresidenteibanez.cl\/web\/?p=19987"},"modified":"2021-04-14T18:35:13","modified_gmt":"2021-04-14T18:35:13","slug":"ejercito-de-salvacion-y-municipio-se-unen-para-entregar-un-momento-de-alegria-a-decenas-de-ninos-de-la-comuna","status":"publish","type":"post","link":"https:\/\/www.radiopresidenteibanez.cl\/web\/ejercito-de-salvacion-y-municipio-se-unen-para-entregar-un-momento-de-alegria-a-decenas-de-ninos-de-la-comuna\/","title":{"rendered":"EJ\u00c9RCITO DE SALVACI\u00d3N Y MUNICIPIO SE UNEN PARA ENTREGAR UN MOMENTO DE ALEGR\u00cdA A DECENAS DE NI\u00d1OS DE LA COMUNA"},"content":{"rendered":"\n<p>Uno de los grupos de personas que lo han pasado peor durante esta pandemia, son los ni\u00f1os de nuestra comuna, y es por esto que durante esta jornada el alcalde Claudio Radonich lleg\u00f3 hasta las dependencias del Ej\u00e9rcito de Salvaci\u00f3n para hacer entrega de 50 regalos para ni\u00f1os y ni\u00f1as que forman parte de la red de dicha agrupaci\u00f3n.<\/p>\n\n\n\n<p>\u201cEstamos muy contentos de poder apoyar a distintas agrupaciones dentro de nuestra ciudad que siempre han trabajado para ayudar a nuestros vecinos. Ahora estamos en el Ej\u00e9rcito de Salvaci\u00f3n que es un grupo que hace m\u00e1s de 70 a\u00f1os han trabajado con la comunidad, y es por ello que nos han solicitado una colaboraci\u00f3n para llevar un minuto de alegr\u00eda a los ni\u00f1os, por lo que estamos entregando regalos como una manera simb\u00f3lica de colaborar en esa linda tarea\u201d, explic\u00f3 Radonich.<\/p>\n\n\n\n<p>A ello, el jefe comunal agreg\u00f3 que \u201ctambi\u00e9n se ha colaborado con ayudas sociales durante la pandemia, lo cual ha llegado a m\u00e1s de 50 mil personas de todo Punta Arenas, por tanto, esto es una se\u00f1al m\u00e1s de que es importante trabajar en comunidad y agrupados, as\u00ed que esperamos seguir haci\u00e9ndolo durante este a\u00f1o 2021\u201d.<\/p>\n\n\n\n<p>Por su parte, Mireya Hern\u00e1ndez, encargada del Ej\u00e9rcito de Salvaci\u00f3n de Punta Arenas, dijo que \u201cpara nosotros es una cuota de \u00e1nimo y apoyo en el trabajo que realizamos todo el a\u00f1o con nuestros ni\u00f1os, as\u00ed que gracias porque se ajustaron a los requerimientos que hicimos, siendo una gran bendici\u00f3n\u201d.<\/p>\n\n\n\n<p>De igual forma, la representante de esta hist\u00f3rica agrupaci\u00f3n, agreg\u00f3 que \u201cen Punta Arenas cumplimos 77 a\u00f1os de voluntariado y trabajando para ayudar a nuestra gente a trav\u00e9s de la ayuda de la comunidad y proyectos que hemos presentado. Hoy estamos trabajando con la red de alimentos y agradecemos que la Municipalidad tambi\u00e9n se sume\u201d.<\/p>\n\n\n\n<p>Son m\u00e1s de 40 ni\u00f1os los que recibir\u00e1n regalos gracias al trabajo colaborativo entre el municipio y el ej\u00e9rcito de salvaci\u00f3n, los cuales se sumar\u00e1n a diversas iniciativas que est\u00e1n proyectadas para todo el 2021.<\/p>\n\n\n\n<p>Para quienes quieran ser parte de la Red y colaborar, pueden contactarse por medio de la p\u00e1gina de Facebook Ej\u00e9rcito de Salvaci\u00f3n Puq o acercarse a calle Bellavista n\u00ba 577.<\/p>\n","protected":false},"excerpt":{"rendered":"<p>Uno de los grupos de personas que lo han pasado peor durante esta pandemia, son los ni\u00f1os de nuestra comuna, y es por esto que durante esta jornada el alcalde&#8230; <a class=\"read-more\" href=\"https:\/\/www.radiopresidenteibanez.cl\/web\/ejercito-de-salvacion-y-municipio-se-unen-para-entregar-un-momento-de-alegria-a-decenas-de-ninos-de-la-comuna\/\">Leer m\u00e1s<\/a><\/p>\n","protected":false},"author":2,"featured_media":19988,"comment_status":"closed","ping_status":"closed","sticky":false,"template":"","format":"standard","meta":{"footnotes":""},"categories":[1],"tags":[],"class_list":["post-19987","post","type-post","status-publish","format-standard","has-post-thumbnail","hentry","category-cronica"],"_links":{"self":[{"href":"https:\/\/www.radiopresidenteibanez.cl\/web\/wp-json\/wp\/v2\/posts\/19987","targetHints":{"allow":["GET"]}}],"collection":[{"href":"https:\/\/www.radiopresidenteibanez.cl\/web\/wp-json\/wp\/v2\/posts"}],"about":[{"href":"https:\/\/www.radiopresidenteibanez.cl\/web\/wp-json\/wp\/v2\/types\/post"}],"author":[{"embeddable":true,"href":"https:\/\/www.radiopresidenteibanez.cl\/web\/wp-json\/wp\/v2\/users\/2"}],"replies":[{"embeddable":true,"href":"https:\/\/www.radiopresidenteibanez.cl\/web\/wp-json\/wp\/v2\/comments?post=19987"}],"version-history":[{"count":0,"href":"https:\/\/www.radiopresidenteibanez.cl\/web\/wp-json\/wp\/v2\/posts\/19987\/revisions"}],"wp:featuredmedia":[{"embeddable":true,"href":"https:\/\/www.radiopresidenteibanez.cl\/web\/wp-json\/wp\/v2\/media\/19988"}],"wp:attachment":[{"href":"https:\/\/www.radiopresidenteibanez.cl\/web\/wp-json\/wp\/v2\/media?parent=19987"}],"wp:term":[{"taxonomy":"category","embeddable":true,"href":"https:\/\/www.radiopresidenteibanez.cl\/web\/wp-json\/wp\/v2\/categories?post=19987"},{"taxonomy":"post_tag","embeddable":true,"href":"https:\/\/www.radiopresidenteibanez.cl\/web\/wp-json\/wp\/v2\/tags?post=19987"}],"curies":[{"name":"wp","href":"https:\/\/api.w.org\/{rel}","templated":true}]}}