{"id":19980,"date":"2021-04-14T03:15:00","date_gmt":"2021-04-14T03:15:00","guid":{"rendered":"https:\/\/www.radiopresidenteibanez.cl\/web\/?p=19980"},"modified":"2021-04-13T19:11:45","modified_gmt":"2021-04-13T19:11:45","slug":"core-se-reunio-con-coordinador-regional-de-testeo-y-trazabilidad-para-analizar-situacion-de-la-pandemia-en-magallanes-y-motivos-del-retroceso-a-fase-2","status":"publish","type":"post","link":"https:\/\/www.radiopresidenteibanez.cl\/web\/core-se-reunio-con-coordinador-regional-de-testeo-y-trazabilidad-para-analizar-situacion-de-la-pandemia-en-magallanes-y-motivos-del-retroceso-a-fase-2\/","title":{"rendered":"CORE SE REUNI\u00d3 CON COORDINADOR REGIONAL DE TESTEO Y TRAZABILIDAD PARA ANALIZAR SITUACI\u00d3N DE LA PANDEMIA EN MAGALLANES Y MOTIVOS DEL RETROCESO A FASE 2"},"content":{"rendered":"\n<p>Con el objetivo de obtener\ninformaci\u00f3n actualizada referida a la evoluci\u00f3n de la pandemia en Magallanes y\nconocer los motivos del retroceso en el Plan Paso a Paso, los Consejeros\nRegionales se reunieron con el coordinador regional de la Estrategia de Testeo\ny Trazabilidad y Aislamiento (TTA) de la seremi de Salud, doctor Gustavo\nAlm\u00e1rcegui.<\/p>\n\n\n\n<p>Seg\u00fan explic\u00f3 el profesional\npara comprender lo que ocurre es necesario analizar la situaci\u00f3n global, en ese\nsentido se puede afirmar que la regi\u00f3n parti\u00f3 en abril del a\u00f1o pasado con una \u201cprimera\nola\u201d muy temprana la cual lleg\u00f3 al resto de Chile reci\u00e9n en junio. Despu\u00e9s \u201cla segunda\nola\u201d y m\u00e1s fuerte afect\u00f3 a Magallanes el mes de septiembre y alcanz\u00f3 al pa\u00eds en\nenero. Finalmente hasta hace poco la regi\u00f3n presentaba una baja de nuevos casos\nmientras el pa\u00eds, la tasa m\u00e1s alta de contagios.<\/p>\n\n\n\n<p>\u201cLa regi\u00f3n ha experimentado un\nincremento de casos nuevos durante la \u00faltima semana, reportando un total de\ncuatrocientos casos positivos COVID-19 y un promedio de cincuenta y siete casos\ndiarios. Al cinco de abril, se pudo observar un leve aumento de casos en Puerto\nNatales, en cambio Porvenir, present\u00f3 un importante incremento entre una semana\ny otra alcanzando una tasa media m\u00f3vil de 27,3 por cada 100 mil habitantes, lo &nbsp;cual supera lo establecido por el ministerio\nde Salud para el cambio de fase. Entre los factores que han influido en ello\nest\u00e1 el alto flujo de personas que se trasladaron con&nbsp; permisos de vacaciones, fines laborales o\nmagall\u00e1nicos que retornaron a la regi\u00f3n sin PCR y no realizaron cuarentena\npreventiva\u201d, detall\u00f3 el coordinador regional.<\/p>\n\n\n\n<p>Asimismo afirm\u00f3 que \u201cen el mes\nde septiembre, la ocupaci\u00f3n de camas era baja en el resto del pa\u00eds, lo cual permit\u00eda\nderivar pacientes a otras ciudades, sin embargo la situaci\u00f3n actual es muy\ndiferente por lo tanto un descontrol de la pandemia a nivel regional seria una\ncat\u00e1strofe ya que no tendr\u00edamos donde derivar pacientes\u201d, detall\u00f3 Alm\u00e1rcegui.<\/p>\n\n\n\n<p>Entre las inquietudes\nplanteadas por los Consejeros, la primera fue la presentada por el consejero\nRam\u00f3n Lobos, referida a como se est\u00e1 trabajando en la b\u00fasqueda de casos activos\ny el seguimiento a los contactos estrechos. Seg\u00fan respondi\u00f3 el coordinador, los\nprotocolos ahora impiden el ingreso de casos positivos a la regi\u00f3n y tambi\u00e9n se\nest\u00e1 teniendo una b\u00fasqueda activa en la poblaci\u00f3n a fin de no llegar a lo que est\u00e1\nocurriendo en el resto del pa\u00eds, fortaleciendo los equipos y trabajando con las\npeque\u00f1as empresas, instituciones, en campeonatos de futbol y gimnasios.<\/p>\n\n\n\n<p>M\u00e1s adelante la consejera,\nRoxana Gallardo, se refiri\u00f3 al brote de casos positivos encontrados en una planta\npesquera. &nbsp;Ante ello, el coordinador\nse\u00f1al\u00f3 que existe un documento avalado por una resoluci\u00f3n exenta que obliga a\nlas mutuales a generar procesos hacia las entidades que presentan brotes y el\nseremi tiene la obligaci\u00f3n de trazar. <\/p>\n\n\n\n<p>Por su parte el consejero de\nTierra del Fuego, Andr\u00e9s L\u00f3pez, plante\u00f3 la necesidad de aumentar y mantener los\ncontroles y fiscalizaciones los fines de semana en la comuna de Porvenir. &nbsp;Asimismo el consejero, Juan Vukusich,&nbsp; solicit\u00f3 mejorar las estrategias comunicacionales\nante la baja percepci\u00f3n de riesgo que existe en la comunidad, lo cual ha\nempeorado tras el inicio del proceso de vacunaci\u00f3n y reiter\u00f3 la importancia de\nexigir el test PCR a todos quienes ingresen a la regi\u00f3n. <\/p>\n\n\n\n<p>Finalmente los integrantes del\nCORE coincidieron al expresar su preocupaci\u00f3n ante lo expuesto por el coordinador\nregional de la Estrategia de Testeo, &nbsp;Trazabilidad y Aislamiento y acordaron enviar\nun oficio dirigido a la Intendenta a fin de conocer las medidas socioecon\u00f3micas\nque se adoptar\u00e1n ante el complejo escenario regional y en caso de que el\nretroceso en el plan paso a paso se prolongue y un segundo documento ser\u00e1\nenviado a la autoridad de Salud solicitando realizar un trabajo conjunto\npermanente, tal y como lo planteo el presidente del Consejo, Tolentino Soto,\n\u201cque permita transmitir tanto la mirada pol\u00edtica y las inquietudes desde las\ndistintas provincias a trav\u00e9s de la comisi\u00f3n interna de Salud \u201d, concluy\u00f3. <\/p>\n","protected":false},"excerpt":{"rendered":"<p>Con el objetivo de obtener informaci\u00f3n actualizada referida a la evoluci\u00f3n de la pandemia en Magallanes y conocer los motivos del retroceso en el Plan Paso a Paso, los Consejeros&#8230; <a class=\"read-more\" href=\"https:\/\/www.radiopresidenteibanez.cl\/web\/core-se-reunio-con-coordinador-regional-de-testeo-y-trazabilidad-para-analizar-situacion-de-la-pandemia-en-magallanes-y-motivos-del-retroceso-a-fase-2\/\">Leer m\u00e1s<\/a><\/p>\n","protected":false},"author":2,"featured_media":19981,"comment_status":"closed","ping_status":"closed","sticky":false,"template":"","format":"standard","meta":{"footnotes":""},"categories":[1],"tags":[],"class_list":["post-19980","post","type-post","status-publish","format-standard","has-post-thumbnail","hentry","category-cronica"],"_links":{"self":[{"href":"https:\/\/www.radiopresidenteibanez.cl\/web\/wp-json\/wp\/v2\/posts\/19980","targetHints":{"allow":["GET"]}}],"collection":[{"href":"https:\/\/www.radiopresidenteibanez.cl\/web\/wp-json\/wp\/v2\/posts"}],"about":[{"href":"https:\/\/www.radiopresidenteibanez.cl\/web\/wp-json\/wp\/v2\/types\/post"}],"author":[{"embeddable":true,"href":"https:\/\/www.radiopresidenteibanez.cl\/web\/wp-json\/wp\/v2\/users\/2"}],"replies":[{"embeddable":true,"href":"https:\/\/www.radiopresidenteibanez.cl\/web\/wp-json\/wp\/v2\/comments?post=19980"}],"version-history":[{"count":0,"href":"https:\/\/www.radiopresidenteibanez.cl\/web\/wp-json\/wp\/v2\/posts\/19980\/revisions"}],"wp:featuredmedia":[{"embeddable":true,"href":"https:\/\/www.radiopresidenteibanez.cl\/web\/wp-json\/wp\/v2\/media\/19981"}],"wp:attachment":[{"href":"https:\/\/www.radiopresidenteibanez.cl\/web\/wp-json\/wp\/v2\/media?parent=19980"}],"wp:term":[{"taxonomy":"category","embeddable":true,"href":"https:\/\/www.radiopresidenteibanez.cl\/web\/wp-json\/wp\/v2\/categories?post=19980"},{"taxonomy":"post_tag","embeddable":true,"href":"https:\/\/www.radiopresidenteibanez.cl\/web\/wp-json\/wp\/v2\/tags?post=19980"}],"curies":[{"name":"wp","href":"https:\/\/api.w.org\/{rel}","templated":true}]}}