{"id":19977,"date":"2021-04-14T03:00:00","date_gmt":"2021-04-14T03:00:00","guid":{"rendered":"https:\/\/www.radiopresidenteibanez.cl\/web\/?p=19977"},"modified":"2021-04-13T19:07:34","modified_gmt":"2021-04-13T19:07:34","slug":"bluriver-y-entrevientos-se-unen-para-colaborar-con-la-escuela-dellamira-rebeca-aguilar","status":"publish","type":"post","link":"https:\/\/www.radiopresidenteibanez.cl\/web\/bluriver-y-entrevientos-se-unen-para-colaborar-con-la-escuela-dellamira-rebeca-aguilar\/","title":{"rendered":"BLURIVER Y ENTREVIENTOS SE UNEN PARA COLABORAR CON LA ESCUELA DELLAMIRA REBECA AGUILAR"},"content":{"rendered":"\n<p>Durante los dos \u00faltimos a\u00f1os, la\ncolaboraci\u00f3n con los vecinos del sector de Barranco Amarillo ha sido una\nprioridad para las empresas BluRiver y Entrevientos, que nuevamente se unieron\npara apoyar a la Escuela Dellamira Rebeca Aguilar.<\/p>\n\n\n\n<p>Esta vez, el aporte consisti\u00f3 en\n13 tablets, que ser\u00e1n entregados a ni\u00f1as y ni\u00f1os que no contaban con los\nimplementos para conectarse a las clases virtuales que est\u00e1 impartiendo el\nestablecimiento. <\/p>\n\n\n\n<p>\u201cLa pandemia nos ha llevado a una\nforma de impartir clases que es distinta. Para apoyar las clases online\ncolaboramos con unas tablets, para que los chicos que no tienen conexi\u00f3n puedan\nestar en clases y tener acceso a la educaci\u00f3n igual que todos los ni\u00f1os\u201d,\ncoment\u00f3 Ignacio Covacevich, Gerente Salmones BluRiver.<\/p>\n\n\n\n<p>En tanto, John Mateo, gerente de\nEntrevientos manifest\u00f3: \u201cestos son tiempos muy dif\u00edciles para las familias,\nparticularmente para las familias de este sector, y nosotros en conjunto con\nBluRiver quisimos colaborar, y estamos muy contento por ello. S\u00e9 que los ni\u00f1os\nlo agradecer\u00e1n, les vamos a facilitar un poco m\u00e1s la vida\u201d.<\/p>\n\n\n\n<p>Una de las beneficiadas fue\nMonserrat Fern\u00e1ndez, que al recibir esta herramienta tecnol\u00f3gica destac\u00f3:\n\u201cAntes me conectaba con el celular de mi mam\u00e1, pero a veces se descargaba y no\npod\u00eda estar en toda la clase. Ahora creo que esta tablet durar\u00e1 muchos a\u00f1os\u201d.<\/p>\n\n\n\n<p>Asimismo, Lucas Carrasco,\nexplic\u00f3: \u201cAntes me conectaba con mi tablet viejita, que ya tiene muchos a\u00f1os,\nque usaba para jugar y para mis clases. Ahora voy a usar esta tablet para las\nclases online\u201d.<\/p>\n\n\n\n<p>Una ayuda que tambi\u00e9n beneficiar\u00e1\na la peque\u00f1a Josye Paill\u00e1n, que se ten\u00eda que conectar con el celular de su mam\u00e1\nKarin Raipane. Al recibir el tablet, la apoderada de la escuela manifest\u00f3: \u201csiempre\nhe estado con ella en las clases, pero igual a veces ten\u00eda que salir, y ten\u00eda\nque dejarle mi celular y era complicado. Ahora el tablet ser\u00e1 una gran ayuda,\nya que ser\u00e1 m\u00e1s f\u00e1cil conectarse\u201d. <\/p>\n\n\n\n<p>Finalmente, Julia Vargas, directora\nescuela Dellamira Rebeca Aguilar, afirm\u00f3: \u201cel acceso que ellos tienen a estos\nartefactos es complejo, m\u00e1s a\u00fan cuando los padres est\u00e1n sin trabajo y les\ncuesta adquirir estas herramientas para que ellos puedan estudiar y estar con\nsus compa\u00f1eros en las clases virtuales. Este es un gran aporte y estamos muy\nagradecidos como comunidad educativa\u201d.<\/p>\n","protected":false},"excerpt":{"rendered":"<p>Durante los dos \u00faltimos a\u00f1os, la colaboraci\u00f3n con los vecinos del sector de Barranco Amarillo ha sido una prioridad para las empresas BluRiver y Entrevientos, que nuevamente se unieron para&#8230; <a class=\"read-more\" href=\"https:\/\/www.radiopresidenteibanez.cl\/web\/bluriver-y-entrevientos-se-unen-para-colaborar-con-la-escuela-dellamira-rebeca-aguilar\/\">Leer m\u00e1s<\/a><\/p>\n","protected":false},"author":2,"featured_media":19978,"comment_status":"closed","ping_status":"closed","sticky":false,"template":"","format":"standard","meta":{"footnotes":""},"categories":[1],"tags":[],"class_list":["post-19977","post","type-post","status-publish","format-standard","has-post-thumbnail","hentry","category-cronica"],"_links":{"self":[{"href":"https:\/\/www.radiopresidenteibanez.cl\/web\/wp-json\/wp\/v2\/posts\/19977","targetHints":{"allow":["GET"]}}],"collection":[{"href":"https:\/\/www.radiopresidenteibanez.cl\/web\/wp-json\/wp\/v2\/posts"}],"about":[{"href":"https:\/\/www.radiopresidenteibanez.cl\/web\/wp-json\/wp\/v2\/types\/post"}],"author":[{"embeddable":true,"href":"https:\/\/www.radiopresidenteibanez.cl\/web\/wp-json\/wp\/v2\/users\/2"}],"replies":[{"embeddable":true,"href":"https:\/\/www.radiopresidenteibanez.cl\/web\/wp-json\/wp\/v2\/comments?post=19977"}],"version-history":[{"count":0,"href":"https:\/\/www.radiopresidenteibanez.cl\/web\/wp-json\/wp\/v2\/posts\/19977\/revisions"}],"wp:featuredmedia":[{"embeddable":true,"href":"https:\/\/www.radiopresidenteibanez.cl\/web\/wp-json\/wp\/v2\/media\/19978"}],"wp:attachment":[{"href":"https:\/\/www.radiopresidenteibanez.cl\/web\/wp-json\/wp\/v2\/media?parent=19977"}],"wp:term":[{"taxonomy":"category","embeddable":true,"href":"https:\/\/www.radiopresidenteibanez.cl\/web\/wp-json\/wp\/v2\/categories?post=19977"},{"taxonomy":"post_tag","embeddable":true,"href":"https:\/\/www.radiopresidenteibanez.cl\/web\/wp-json\/wp\/v2\/tags?post=19977"}],"curies":[{"name":"wp","href":"https:\/\/api.w.org\/{rel}","templated":true}]}}