{"id":19974,"date":"2021-04-14T02:45:00","date_gmt":"2021-04-14T02:45:00","guid":{"rendered":"https:\/\/www.radiopresidenteibanez.cl\/web\/?p=19974"},"modified":"2021-04-13T19:04:17","modified_gmt":"2021-04-13T19:04:17","slug":"fiscalia-capacito-a-carabineros-en-primeras-diligencias","status":"publish","type":"post","link":"https:\/\/www.radiopresidenteibanez.cl\/web\/fiscalia-capacito-a-carabineros-en-primeras-diligencias\/","title":{"rendered":"FISCAL\u00cdA  CAPACIT\u00d3 A CARABINEROS EN PRIMERAS DILIGENCIAS"},"content":{"rendered":"\n<p>Funcionarios\nde la Primera Comisar\u00eda de Punta Arenas participaron, &nbsp;hoy, de una\ncapacitaci\u00f3n efectuada por el Fiscal Jefe de Punta Arenas, Fernando Dobson\nSoto, &nbsp;cuyo fin fue entregar herramientas\ny potenciar&nbsp; la coordinaci\u00f3n\ninterinstitucional, especialmente&nbsp; en las\nprimeras diligencias investigativas.<\/p>\n\n\n\n<p>Cabe indicar que este tipo de capacitaciones, organizadas por la\nFiscal\u00eda Local de Punta Arenas, se repetir\u00e1n a lo largo del a\u00f1o, participando personal\nde Carabineros y &nbsp;de la Polic\u00eda de\nInvestigaciones.<\/p>\n","protected":false},"excerpt":{"rendered":"<p>Funcionarios de la Primera Comisar\u00eda de Punta Arenas participaron, &nbsp;hoy, de una capacitaci\u00f3n efectuada por el Fiscal Jefe de Punta Arenas, Fernando Dobson Soto, &nbsp;cuyo fin fue entregar herramientas y&#8230; <a class=\"read-more\" href=\"https:\/\/www.radiopresidenteibanez.cl\/web\/fiscalia-capacito-a-carabineros-en-primeras-diligencias\/\">Leer m\u00e1s<\/a><\/p>\n","protected":false},"author":2,"featured_media":19975,"comment_status":"closed","ping_status":"closed","sticky":false,"template":"","format":"standard","meta":{"footnotes":""},"categories":[1],"tags":[],"class_list":["post-19974","post","type-post","status-publish","format-standard","has-post-thumbnail","hentry","category-cronica"],"_links":{"self":[{"href":"https:\/\/www.radiopresidenteibanez.cl\/web\/wp-json\/wp\/v2\/posts\/19974","targetHints":{"allow":["GET"]}}],"collection":[{"href":"https:\/\/www.radiopresidenteibanez.cl\/web\/wp-json\/wp\/v2\/posts"}],"about":[{"href":"https:\/\/www.radiopresidenteibanez.cl\/web\/wp-json\/wp\/v2\/types\/post"}],"author":[{"embeddable":true,"href":"https:\/\/www.radiopresidenteibanez.cl\/web\/wp-json\/wp\/v2\/users\/2"}],"replies":[{"embeddable":true,"href":"https:\/\/www.radiopresidenteibanez.cl\/web\/wp-json\/wp\/v2\/comments?post=19974"}],"version-history":[{"count":0,"href":"https:\/\/www.radiopresidenteibanez.cl\/web\/wp-json\/wp\/v2\/posts\/19974\/revisions"}],"wp:featuredmedia":[{"embeddable":true,"href":"https:\/\/www.radiopresidenteibanez.cl\/web\/wp-json\/wp\/v2\/media\/19975"}],"wp:attachment":[{"href":"https:\/\/www.radiopresidenteibanez.cl\/web\/wp-json\/wp\/v2\/media?parent=19974"}],"wp:term":[{"taxonomy":"category","embeddable":true,"href":"https:\/\/www.radiopresidenteibanez.cl\/web\/wp-json\/wp\/v2\/categories?post=19974"},{"taxonomy":"post_tag","embeddable":true,"href":"https:\/\/www.radiopresidenteibanez.cl\/web\/wp-json\/wp\/v2\/tags?post=19974"}],"curies":[{"name":"wp","href":"https:\/\/api.w.org\/{rel}","templated":true}]}}