{"id":19972,"date":"2021-04-14T02:30:00","date_gmt":"2021-04-14T02:30:00","guid":{"rendered":"https:\/\/www.radiopresidenteibanez.cl\/web\/?p=19972"},"modified":"2021-04-13T19:00:47","modified_gmt":"2021-04-13T19:00:47","slug":"invitan-a-inscribirse-en-talleres-culturales-del-municipio-de-punta-arenas","status":"publish","type":"post","link":"https:\/\/www.radiopresidenteibanez.cl\/web\/invitan-a-inscribirse-en-talleres-culturales-del-municipio-de-punta-arenas\/","title":{"rendered":"INVITAN A INSCRIBIRSE EN TALLERES CULTURALES DEL MUNICIPIO DE PUNTA ARENAS"},"content":{"rendered":"\n<p>Una muy buena recepci\u00f3n de\nparte de la comunidad, han tenido los talleres culturales organizados desde la\nDirecci\u00f3n de Desarrollo Comunitario del Municipio de Punta Arenas, que este a\u00f1o\ntienen un enfoque en las artes y la cultura y el beneficio que conllevan para\nel bienestar y la salud mental de los vecinos.<\/p>\n\n\n\n<p>Para el primer semestre se\nhan presentado 37 actividades distintas, las cuales inician la pr\u00f3xima semana,\ny hay algunos talleres que a\u00fan mantienen cupos disponibles. <\/p>\n\n\n\n<p>Todos los cursos son en\nmodalidad online y los interesados deben enviar un correo a <a href=\"mailto:cculturalinscripciones@e-puntaarenas.cl\">cculturalinscripciones@e-puntaarenas.cl<\/a>, indicando su nombre completo, edad, el curso en el\nque quieren participar y celular de contacto.<\/p>\n\n\n\n<p>Las actividades en las\ncuales a\u00fan se pueden inscribir, son las siguientes: <\/p>\n\n\n\n<figure class=\"wp-block-table\"><table class=\"\"><tbody><tr><td>\n  <strong>Taller<\/strong>\n  <\/td><td>\n  <strong>Horarios<\/strong>\n  <\/td><td>\n  <strong>Edad<\/strong>\n  <\/td><\/tr><tr><td>\n  Introducci\u00f3n al C\u00f3mics\n  <\/td><td>\n  S\u00e1bado de 18:00 a 20:00\n  <\/td><td>\n  Mayores de 14 a\u00f1os\n  <\/td><\/tr><tr><td>\n  Dise\u00f1o de Personaje\n  <\/td><td>\n  Jueves de 18:00 a 20:00\n  <\/td><td>\n  Mayores de 14 a\u00f1os\n  <\/td><\/tr><tr><td>\n  Rescatar y pintar las leyendas urbanas de la Patagonia\n  <\/td><td>\n  Lunes de 18:00 a 20:00\n  <\/td><td>\n  Mayores de 14 a\u00f1os\n  <\/td><\/tr><tr><td>\n  El folclore a trav\u00e9s de las artes\n  <\/td><td>\n  Viernes 18:00 a 20:00\n  <\/td><td>\n  Mayores de 14 a\u00f1os\n  &nbsp;\n  <\/td><\/tr><tr><td>\n  Arte para ni\u00f1os y ni\u00f1as junto con la familia\n  <\/td><td>\n  Martes 18:00 A 20:00\n  <\/td><td>\n  Mayores de 11 a\u00f1os\n  <\/td><\/tr><tr><td>\n  Mosaicos cortes perfectos\n  <\/td><td>\n  Jueves de 21:00 a 23:00\n  <\/td><td>\n  Mayores de 18 a\u00f1os\n  <\/td><\/tr><tr><td>\n  Mosaico Cl\u00e1sico\n  <\/td><td>\n  Jueves de 18:30 a 20:30\n  <\/td><td>\n  Mayores de 14 a\u00f1os\n  <\/td><\/tr><tr><td>\n  Dise\u00f1o, dibujo, stencil y 3D\n  <\/td><td>\n  Mi\u00e9rcoles de 18:30 a 20:30\n  <\/td><td>\n  Mayores de 14 a\u00f1os\n  <\/td><\/tr><tr><td>\n  Reutilizaci\u00f3n y reciclaje art\u00edstico\n  <\/td><td>\n  Viernes de 18:30 a 20:30\n  <\/td><td>\n  Mayores de 14 a\u00f1os\n  <\/td><\/tr><tr><td>\n  Dise\u00f1os de mural\n  <\/td><td>\n  Viernes de 21:00 a 23:00\n  <\/td><td>\n  Mayores de 14 a\u00f1os\n  <\/td><\/tr><tr><td>\n  Danzas Folcl\u00f3ricas\n  <\/td><td>\n  Lunes 18:00 a 20:00\n  <\/td><td>\n  Mayores de 14 a\u00f1os\n  <\/td><\/tr><tr><td>\n  Danzaterapia\n  <\/td><td>\n  Mi\u00e9rcoles 19:00 a 21:00\n  <\/td><td>\n  Mayores de 14 a\u00f1os\n  <\/td><\/tr><tr><td>\n  Fotograf\u00eda b\u00e1sica para adolescentes\n  <\/td><td>\n  Mi\u00e9rcoles 18:30 a 20:00\n  <\/td><td>\n  Entre 15 y 20 a\u00f1os\n  <\/td><\/tr><tr><td>\n  Cuenta Cuentos\n  <\/td><td>\n  Mi\u00e9rcoles 18:00 a 20:00\n  <\/td><td>\n  Mayores de 14 a\u00f1os\n  <\/td><\/tr><tr><td>\n  Dramaturgia\n  <\/td><td>\n  S\u00e1bado 17:00 a 19:00\n  <\/td><td>\n  Mayores de 14 a\u00f1os\n  <\/td><\/tr><tr><td>\n  Narrativa para mujeres\n  <\/td><td>\n  Viernes 16:00 a 18:00\n  <\/td><td>\n  Mayores de 18 a\u00f1os\n  <\/td><\/tr><tr><td>\n  Creaci\u00f3n y narraci\u00f3n de cuentos\n  <\/td><td>\n  Mi\u00e9rcoles 18:00-20:00\n  <\/td><td>\n  Mayores de 14 a\u00f1os\n  <\/td><\/tr><tr><td>\n  Cantoterapia para joven y adulto joven\n  <\/td><td>\n  S\u00e1bado 18:00 a 20:00\n  <\/td><td>\n  Mayores de 21 a\u00f1os\n  <\/td><\/tr><tr><td>\n  Canto popular y estudio de la relajaci\u00f3n corporal\n  <\/td><td>\n  Viernes de 19:00 a 21:00\n  <\/td><td>\n  Mayores de 14 a\u00f1os\n  <\/td><\/tr><tr><td>\n  Piano popular\n  <\/td><td>\n  Martes 19:00 a 21:00\n  <\/td><td>\n  Mayores de 15 a\u00f1os\n  <\/td><\/tr><tr><td>\n  Ensamble vocal y grabaci\u00f3n online\n  <\/td><td>\n  Mi\u00e9rcoles de 19:00 a 21:00\n  <\/td><td>\n  Mayores de 15 a\u00f1os\n  <\/td><\/tr><tr><td>\n  Crea tu banda\n  <\/td><td>\n  Lunes de 19:00 a 21:00\n  <\/td><td>\n  Mayores de 15 a\u00f1os\n  <\/td><\/tr><tr><td>\n  Interpretaci\u00f3n esc\u00e9nica y recursos del escenario\n  <\/td><td>\n  S\u00e1bado de 15:00 a 17:00\n  <\/td><td>\n  Mayores de 14 a\u00f1os\n  <\/td><\/tr><tr><td>\n  Canto l\u00edrico\n  <\/td><td>\n  Viernes 18:00 a 20:00\n  <\/td><td>\n  Mayores de 18 a\u00f1os\n  <\/td><\/tr><tr><td>\n  Commedia Dell\u2019Arte \n  <\/td><td>\n  Mi\u00e9rcoles 20:00 a 22:00\n  <\/td><td>\n  Mayores de 14 a\u00f1os\n  <\/td><\/tr><tr><td>\n  Lambe Lambe\n  <\/td><td>\n  Martes 18:00 a 20:00\n  <\/td><td>\n  Mayores de 14 a\u00f1os\n  <\/td><\/tr><tr><td>\n  Teatro de sombras\n  <\/td><td>\n  Martes 20:00 a 22:00\n  <\/td><td>\n  Mayores de 14 a\u00f1os\n  <\/td><\/tr><tr><td>\n  Teatro musical\n  <\/td><td>\n  Viernes 20:00 a 22:00\n  <\/td><td>\n  Mayores de 14 a\u00f1os\n  <\/td><\/tr><tr><td>\n  Teatro terapia\n  <\/td><td>\n  Lunes 20:00 a 22:00\n  <\/td><td>\n  Mayores de 18 a\u00f1os\n  <\/td><\/tr><tr><td>\n  Taller de teatro Elenco Ciudadano\n  <\/td><td>\n  Martes de 19:00 a 21:00\n  <\/td><td>\n  Mayores de 14 a\u00f1os\n  <\/td><\/tr><tr><td>\n  Creaci\u00f3n de un personaje\n  <\/td><td>\n  Jueves 17:00 a 19:00&nbsp;\n  <\/td><td>\n  Mayores de 14 a\u00f1os\n  <\/td><\/tr><\/tbody><\/table><\/figure>\n","protected":false},"excerpt":{"rendered":"<p>Una muy buena recepci\u00f3n de parte de la comunidad, han tenido los talleres culturales organizados desde la Direcci\u00f3n de Desarrollo Comunitario del Municipio de Punta Arenas, que este a\u00f1o tienen&#8230; <a class=\"read-more\" href=\"https:\/\/www.radiopresidenteibanez.cl\/web\/invitan-a-inscribirse-en-talleres-culturales-del-municipio-de-punta-arenas\/\">Leer m\u00e1s<\/a><\/p>\n","protected":false},"author":2,"featured_media":19788,"comment_status":"closed","ping_status":"closed","sticky":false,"template":"","format":"standard","meta":{"footnotes":""},"categories":[1],"tags":[],"class_list":["post-19972","post","type-post","status-publish","format-standard","has-post-thumbnail","hentry","category-cronica"],"_links":{"self":[{"href":"https:\/\/www.radiopresidenteibanez.cl\/web\/wp-json\/wp\/v2\/posts\/19972","targetHints":{"allow":["GET"]}}],"collection":[{"href":"https:\/\/www.radiopresidenteibanez.cl\/web\/wp-json\/wp\/v2\/posts"}],"about":[{"href":"https:\/\/www.radiopresidenteibanez.cl\/web\/wp-json\/wp\/v2\/types\/post"}],"author":[{"embeddable":true,"href":"https:\/\/www.radiopresidenteibanez.cl\/web\/wp-json\/wp\/v2\/users\/2"}],"replies":[{"embeddable":true,"href":"https:\/\/www.radiopresidenteibanez.cl\/web\/wp-json\/wp\/v2\/comments?post=19972"}],"version-history":[{"count":0,"href":"https:\/\/www.radiopresidenteibanez.cl\/web\/wp-json\/wp\/v2\/posts\/19972\/revisions"}],"wp:featuredmedia":[{"embeddable":true,"href":"https:\/\/www.radiopresidenteibanez.cl\/web\/wp-json\/wp\/v2\/media\/19788"}],"wp:attachment":[{"href":"https:\/\/www.radiopresidenteibanez.cl\/web\/wp-json\/wp\/v2\/media?parent=19972"}],"wp:term":[{"taxonomy":"category","embeddable":true,"href":"https:\/\/www.radiopresidenteibanez.cl\/web\/wp-json\/wp\/v2\/categories?post=19972"},{"taxonomy":"post_tag","embeddable":true,"href":"https:\/\/www.radiopresidenteibanez.cl\/web\/wp-json\/wp\/v2\/tags?post=19972"}],"curies":[{"name":"wp","href":"https:\/\/api.w.org\/{rel}","templated":true}]}}