{"id":19969,"date":"2021-04-14T02:15:00","date_gmt":"2021-04-14T02:15:00","guid":{"rendered":"https:\/\/www.radiopresidenteibanez.cl\/web\/?p=19969"},"modified":"2021-04-13T18:55:05","modified_gmt":"2021-04-13T18:55:05","slug":"con-ceremonia-de-distincion-hospital-de-natales-reconoce-a-funcionarios-voluntarios-de-bomberos-que-combatieron-incendio-forestal","status":"publish","type":"post","link":"https:\/\/www.radiopresidenteibanez.cl\/web\/con-ceremonia-de-distincion-hospital-de-natales-reconoce-a-funcionarios-voluntarios-de-bomberos-que-combatieron-incendio-forestal\/","title":{"rendered":"CON CEREMONIA DE DISTINCI\u00d3N HOSPITAL DE NATALES RECONOCE A FUNCIONARIOS VOLUNTARIOS DE BOMBEROS QUE COMBATIERON INCENDIO FORESTAL"},"content":{"rendered":"\n<p>Este martes 13 de abril, la\nDirecci\u00f3n del Hospital Dr. Augusto Essmann Burgos de Natales inici\u00f3 la jornada\ncon una peque\u00f1a, pero significativa Ceremonia de Distinci\u00f3n para los funcionarios\ndel recinto de salud, que son voluntarios de Bomberos y trabajaron intensamente\ncombatiendo el incendio forestal que afect\u00f3 a cerca de 300 hect\u00e1reas.<strong><\/strong><\/p>\n\n\n\n<p>Palabras de orgullo y agradecimiento\ntuvo el Director(s) del Hospital de Natales, Dr. Thom\u00e1s Gallardo, para el\npersonal, quien se\u00f1al\u00f3: \u201choy quisimos comenzar un nuevo d\u00eda agradeciendo y distinguiendo\na este grupo de funcionarios de salud, que son voluntarios del Cuerpo de\nBomberos, que no s\u00f3lo han demostrado su compromiso social trabajando por la salud\np\u00fablica, sino tambi\u00e9n siendo parte de una noble instituci\u00f3n. Con este gesto\nqueremos que sientan el orgullo y gratitud del la Direcci\u00f3n del Hospital, por\nla tarea realizada combatiendo por varios e intensos d\u00edas el incendio forestal\nque se inici\u00f3 el pasado jueves 25 de marzo\u201d. <\/p>\n\n\n\n<p>Los funcionarios y funcionarias;\nLiliana Z\u00fa\u00f1iga, Marcos \u00c1guila, H\u00e9ctor Vargas, Gabriela D\u00edaz, Gary Da Silva,\nLuis Gonz\u00e1lez, Eduardo Vivanco, Carlos Mu\u00f1oz, Juan Hern\u00e1ndez, Fredy Sandoval y\nDaniel Contreras, recibieron del equipo directivo un galvano que destaca su\ncompromiso y labor realizada.<\/p>\n\n\n\n<p>Por su parte, el voluntario de\nBomberos y Administrativo del Servicio de Imagenolog\u00eda, Marcos \u00c1guila Ojeda, valor\u00f3 el reconocimiento entregado por el Hospital\nde Natales,\u201ccomo funcionarios e integrantes del Cuerpo\nde Bomberos estamos muy agradecidos por el gesto de la Direcci\u00f3n del Hospital, cada\nuno de los integrantes de bomberos pone a disposici\u00f3n de la comunidad su tiempo\ny esfuerzo, para ir en ayuda en situaciones de emergencia. Haber sido parte del\ncombate del incendio forestal fue complejo, principalmente por las condiciones clim\u00e1ticas,\npor lo que fueron varias jornadas de intenso trabajo\u201d, se\u00f1al\u00f3 el funcionario. <\/p>\n","protected":false},"excerpt":{"rendered":"<p>Este martes 13 de abril, la Direcci\u00f3n del Hospital Dr. Augusto Essmann Burgos de Natales inici\u00f3 la jornada con una peque\u00f1a, pero significativa Ceremonia de Distinci\u00f3n para los funcionarios del&#8230; <a class=\"read-more\" href=\"https:\/\/www.radiopresidenteibanez.cl\/web\/con-ceremonia-de-distincion-hospital-de-natales-reconoce-a-funcionarios-voluntarios-de-bomberos-que-combatieron-incendio-forestal\/\">Leer m\u00e1s<\/a><\/p>\n","protected":false},"author":2,"featured_media":19970,"comment_status":"closed","ping_status":"closed","sticky":false,"template":"","format":"standard","meta":{"footnotes":""},"categories":[1],"tags":[],"class_list":["post-19969","post","type-post","status-publish","format-standard","has-post-thumbnail","hentry","category-cronica"],"_links":{"self":[{"href":"https:\/\/www.radiopresidenteibanez.cl\/web\/wp-json\/wp\/v2\/posts\/19969","targetHints":{"allow":["GET"]}}],"collection":[{"href":"https:\/\/www.radiopresidenteibanez.cl\/web\/wp-json\/wp\/v2\/posts"}],"about":[{"href":"https:\/\/www.radiopresidenteibanez.cl\/web\/wp-json\/wp\/v2\/types\/post"}],"author":[{"embeddable":true,"href":"https:\/\/www.radiopresidenteibanez.cl\/web\/wp-json\/wp\/v2\/users\/2"}],"replies":[{"embeddable":true,"href":"https:\/\/www.radiopresidenteibanez.cl\/web\/wp-json\/wp\/v2\/comments?post=19969"}],"version-history":[{"count":0,"href":"https:\/\/www.radiopresidenteibanez.cl\/web\/wp-json\/wp\/v2\/posts\/19969\/revisions"}],"wp:featuredmedia":[{"embeddable":true,"href":"https:\/\/www.radiopresidenteibanez.cl\/web\/wp-json\/wp\/v2\/media\/19970"}],"wp:attachment":[{"href":"https:\/\/www.radiopresidenteibanez.cl\/web\/wp-json\/wp\/v2\/media?parent=19969"}],"wp:term":[{"taxonomy":"category","embeddable":true,"href":"https:\/\/www.radiopresidenteibanez.cl\/web\/wp-json\/wp\/v2\/categories?post=19969"},{"taxonomy":"post_tag","embeddable":true,"href":"https:\/\/www.radiopresidenteibanez.cl\/web\/wp-json\/wp\/v2\/tags?post=19969"}],"curies":[{"name":"wp","href":"https:\/\/api.w.org\/{rel}","templated":true}]}}