{"id":19966,"date":"2021-04-14T02:00:00","date_gmt":"2021-04-14T02:00:00","guid":{"rendered":"https:\/\/www.radiopresidenteibanez.cl\/web\/?p=19966"},"modified":"2021-04-13T18:52:30","modified_gmt":"2021-04-13T18:52:30","slug":"con-nueva-estrategia-seremi-de-salud-potencia-busqueda-de-casos-dirigida-a-grupos-laborales","status":"publish","type":"post","link":"https:\/\/www.radiopresidenteibanez.cl\/web\/con-nueva-estrategia-seremi-de-salud-potencia-busqueda-de-casos-dirigida-a-grupos-laborales\/","title":{"rendered":"CON NUEVA ESTRATEGIA SEREMI DE SALUD POTENCIA  B\u00daSQUEDA DE CASOS DIRIGIDA A GRUPOS LABORALES"},"content":{"rendered":"\n<p>En\nla necesidad de aumentar la pesquisa de casos activos, que esta sea de\nforma&nbsp; oportuna y con el objeto de\nabarcar lugares y entidades distintos a las BAC Territoriales,&nbsp; la Estrategia Testeo Trazabilidad y Aislamiento,\ncoordinada por la Autoridad Sanitaria, ha dado vida a una nueva estrategia de\nb\u00fasqueda activa, la BAC Hormiga.<\/p>\n\n\n\n<p>Dicha\ninstancia estar\u00e1 a cargo de un equipo de profesionales de salud que realizar\u00e1n\nuna b\u00fasqueda m\u00e1s espec\u00edfica y dirigida que los operativos que se ubican\ndiariamente en sectores residenciales y puntos c\u00e9ntricos de las principales\nciudades de la regi\u00f3n<\/p>\n\n\n\n<p>Estas\nBAC, de car\u00e1cter m\u00e1s laboral, permitir\u00e1n que la Autoridad Sanitaria se adelante\na contagios y brotes en espacios en donde se desenvuelve un n\u00famero mayor de\npersonas y por un espacio de m\u00e1s horas continuas, aumentando la posibilidad de\ncasos positivos.<\/p>\n\n\n\n<p>Esta\ntoma de muestra, se suma a las BAC Territoriales e Institucionales y las\nefectuadas en cercan\u00edas establecimientos.<\/p>\n\n\n\n<p>Al\nrespecto el Seremi (s) Eduardo Castillo se\u00f1al\u00f3 que: \u201cEste es un complemento de\nla estrategia TTA, se llama BAC Hormiga y la idea es poder llegar a lugares m\u00e1s\npeque\u00f1os, ya sea pymes, empresas, gimnasios, comercio, grupos laborales, todos\nquienes requieran una b\u00fasqueda activa. La idea es que podamos aumentar la\nb\u00fasqueda de casos positivos asintom\u00e1ticos que puedan estar contagiando, todos\naquellos que requieran o est\u00e9n interesados en participar de este proceso, debe\ncontactar al correo testeocovid12@redsalud.gov.cl . Recordar que los testeos\nson gratuitos\u201d. <\/p>\n\n\n\n<p>En\ntanto, el coordinador de la Estrategia TTA, Dr. Gustavo Alm\u00e1rcegui se\u00f1al\u00f3 que:\nDr. Gustavo Alm\u00e1rcegui \u201cPasamos de un escenario donde hab\u00eda una alta demanda\npor testeo en septiembre del a\u00f1o pasado, donde fue el peak de la pandemia, a un\nescenario donde la cantidad de testeo disminuy\u00f3 mucho. Es por eso se ide\u00f3 esta\nestrategia para poder llegar a entidades, empresas, pymes quien lo requiera. En\nlos \u00faltimos d\u00edas se ha visto el aumento, donde superamos las mil muestras diarias\u201d.<\/p>\n\n\n\n<p>La\nIntendenta de Magallaes, Jenniffer Rojas, agreg\u00f3 que: \u201cSabemos c\u00f3mo nos ha\ngolpeado la Pandemia durante el \u00faltimo a\u00f1o y un poco m\u00e1s y tambi\u00e9n los avances\ny retrocesos que ha tenido la Regi\u00f3n de Magallanes y en ese sentido la B\u00fasqueda\nActiva de Casos (BAC) cobra especial significancia al encontrar a personas en\nestas b\u00fasquedas activas que son asintom\u00e1ticas, es decir que est\u00e1n positivas y\nque no lo saben y que pueden estar contagiando tambi\u00e9n sin saberlo. Es por esto\nque quiero resaltar la labor que realiza la Seremi de Salud de Magallanes,\nporque esta es una iniciativa que parte en nuestra regi\u00f3n de esta nueva BAC\nHormiga\u201d.<\/p>\n\n\n\n<p>Desde\nel 8 de agosto de 2020 al 1 de abril de 2021 se han realizado 56.569 PCR en\nB\u00fasquedas Activas de Casos (BAC) en todo el territorio regional y cerca del 20%\nde los casos de Covid19 en Magallanes han sido pesquisados a trav\u00e9s de estos\noperativos de toma de PCR en terreno.<\/p>\n\n\n\n<p>Esta\nestrategia es fundamental para detectar de manera oportuna a todas aquellas\npersonas que presentan el virus sin saberlo, indicarles aislamiento de forma\nprecoz y trazar r\u00e1pidamente a todos sus contactos estrechos, disminuyendo as\u00ed\nlas probabilidades de propagaci\u00f3n de la enfermedad.&nbsp; <\/p>\n\n\n\n<p>Se\nhan realizado BAC Hormiga a los trabajadores de Zona Franca, Gimnasio, Establecimientos\nEducacionales.<\/p>\n","protected":false},"excerpt":{"rendered":"<p>En la necesidad de aumentar la pesquisa de casos activos, que esta sea de forma&nbsp; oportuna y con el objeto de abarcar lugares y entidades distintos a las BAC Territoriales,&nbsp;&#8230; <a class=\"read-more\" href=\"https:\/\/www.radiopresidenteibanez.cl\/web\/con-nueva-estrategia-seremi-de-salud-potencia-busqueda-de-casos-dirigida-a-grupos-laborales\/\">Leer m\u00e1s<\/a><\/p>\n","protected":false},"author":2,"featured_media":19967,"comment_status":"closed","ping_status":"closed","sticky":false,"template":"","format":"standard","meta":{"footnotes":""},"categories":[1],"tags":[],"class_list":["post-19966","post","type-post","status-publish","format-standard","has-post-thumbnail","hentry","category-cronica"],"_links":{"self":[{"href":"https:\/\/www.radiopresidenteibanez.cl\/web\/wp-json\/wp\/v2\/posts\/19966","targetHints":{"allow":["GET"]}}],"collection":[{"href":"https:\/\/www.radiopresidenteibanez.cl\/web\/wp-json\/wp\/v2\/posts"}],"about":[{"href":"https:\/\/www.radiopresidenteibanez.cl\/web\/wp-json\/wp\/v2\/types\/post"}],"author":[{"embeddable":true,"href":"https:\/\/www.radiopresidenteibanez.cl\/web\/wp-json\/wp\/v2\/users\/2"}],"replies":[{"embeddable":true,"href":"https:\/\/www.radiopresidenteibanez.cl\/web\/wp-json\/wp\/v2\/comments?post=19966"}],"version-history":[{"count":0,"href":"https:\/\/www.radiopresidenteibanez.cl\/web\/wp-json\/wp\/v2\/posts\/19966\/revisions"}],"wp:featuredmedia":[{"embeddable":true,"href":"https:\/\/www.radiopresidenteibanez.cl\/web\/wp-json\/wp\/v2\/media\/19967"}],"wp:attachment":[{"href":"https:\/\/www.radiopresidenteibanez.cl\/web\/wp-json\/wp\/v2\/media?parent=19966"}],"wp:term":[{"taxonomy":"category","embeddable":true,"href":"https:\/\/www.radiopresidenteibanez.cl\/web\/wp-json\/wp\/v2\/categories?post=19966"},{"taxonomy":"post_tag","embeddable":true,"href":"https:\/\/www.radiopresidenteibanez.cl\/web\/wp-json\/wp\/v2\/tags?post=19966"}],"curies":[{"name":"wp","href":"https:\/\/api.w.org\/{rel}","templated":true}]}}