{"id":19963,"date":"2021-04-13T01:34:36","date_gmt":"2021-04-13T01:34:36","guid":{"rendered":"https:\/\/www.radiopresidenteibanez.cl\/web\/?p=19963"},"modified":"2021-04-13T01:34:43","modified_gmt":"2021-04-13T01:34:43","slug":"diputada-amar-busca-que-personas-con-discapacidad-no-tengan-limite-de-edad-en-el-acceso-a-educacion-especial","status":"publish","type":"post","link":"https:\/\/www.radiopresidenteibanez.cl\/web\/diputada-amar-busca-que-personas-con-discapacidad-no-tengan-limite-de-edad-en-el-acceso-a-educacion-especial\/","title":{"rendered":"DIPUTADA AMAR BUSCA QUE PERSONAS CON DISCAPACIDAD NO TENGAN L\u00cdMITE DE EDAD EN EL ACCESO A EDUCACI\u00d3N ESPECIAL"},"content":{"rendered":"\n<p>Con el fin de presentarle el\nproyecto de ley que establece normas sobre inclusi\u00f3n e igualdad de\noportunidades de personas con discapacidad, y proh\u00edbe las limitaciones etarias\nen el acceso a la educaci\u00f3n especial, la Diputada Sandra Amar junto al Diputado\nJuan Antonio Coloma se reunieron con el Ministro de Educaci\u00f3n, Ra\u00fal Figueroa.<\/p>\n\n\n\n<p>Esta iniciativa, de la cual son\nautores ambos diputados, busca que no exista l\u00edmite de edad para en el acceso a\nla educaci\u00f3n especial para personas con discapacidad, lo cual actualmente son\nlos 24 a\u00f1os y en algunos casos 26.<\/p>\n\n\n\n<p>Al respecto, la Diputada Sandra\nAmar explic\u00f3 que se reunieron con el Ministro de Educaci\u00f3n para explicarle el\nproyecto de ley. \u201cSostuvimos una reuni\u00f3n con el Ministro de Educaci\u00f3n Ra\u00fal\nFigueroa, haci\u00e9ndole presente en conjunto con el Diputado Juan Antonio Coloma,\nque somos los autores del proyecto, un planteamiento que se nos ha venido\nse\u00f1alando por distintas organizaciones de personas con discapacidad y que\njustamente tiende, este proyecto, a que aquellos ni\u00f1os y j\u00f3venes que cumplen 24\na\u00f1os de edad y a veces excepcionalmente hasta los 26 a\u00f1os, puedan seguir\ncursando educaci\u00f3n especial\u201d.<\/p>\n\n\n\n<p>A eso agreg\u00f3 que lo que establece\nla ley actualmente es \u201cun l\u00edmite de edad para poder recibir educaci\u00f3n especial,\nposterior a ello, muchos se tienen que retornar, estar en las casas, donde no\nreciben una atenci\u00f3n especializada, donde a veces los padres no cuentan con los\nmedios para brindarle tambi\u00e9n una atenci\u00f3n m\u00e1s integral y nos vemos enfrentados\na esta situaci\u00f3n, donde j\u00f3venes han estado por muchos a\u00f1os asistiendo a\neducaci\u00f3n especial, despu\u00e9s no tienen otro medio, ni cuentan algunos tampoco\ncon redes de apoyo para seguir asistiendo a alg\u00fan tipo de actividad\u201d.<\/p>\n\n\n\n<p>Por todo lo anterior, los\nparlamentarios vieron necesario elaborar este proyecto de ley que vaya en apoyo\nde las personas con discapacidad. \u201cHemos presentado este proyecto de ley, donde\nestamos exigiendo que haya una modificaci\u00f3n a la Ley de Inclusi\u00f3n y de Igualdad\nde oportunidades para personas con discapacidad, de tal manera que se elimine\neste l\u00edmite de edad para que los j\u00f3venes puedan seguir asistiendo a educaci\u00f3n\nespecial. Eso es lo que le planteamos hoy d\u00eda al Ministro Ra\u00fal Figueroa, quien\njustamente va a estudiar el proyecto para ver cu\u00e1nto significar\u00eda en t\u00e9rminos\nde inversi\u00f3n, porque esto significa continuar con la subvenci\u00f3n y se estar\u00edan\nreuniendo adem\u00e1s con otros ministerios para ver c\u00f3mo podemos coordinar y\nprontamente nos va a dar una respuesta para ver c\u00f3mo podr\u00edamos encausar esta\nnecesidad que es tan sentida por parte de los padre, madres y apoderados que\ntienen una persona joven con discapacidad\u201d. <\/p>\n\n\n\n<p>Se\u00f1alar que este proyecto, que prontamente\nser\u00e1 presentado en la C\u00e1mara de Diputado para buscar su aprobaci\u00f3n, es esencial\npara que las personas con discapacidad dispongan de una educaci\u00f3n digna, de\ncalidad, con las mismas oportunidades y sin restricciones.<\/p>\n","protected":false},"excerpt":{"rendered":"<p>Con el fin de presentarle el proyecto de ley que establece normas sobre inclusi\u00f3n e igualdad de oportunidades de personas con discapacidad, y proh\u00edbe las limitaciones etarias en el acceso&#8230; <a class=\"read-more\" href=\"https:\/\/www.radiopresidenteibanez.cl\/web\/diputada-amar-busca-que-personas-con-discapacidad-no-tengan-limite-de-edad-en-el-acceso-a-educacion-especial\/\">Leer m\u00e1s<\/a><\/p>\n","protected":false},"author":2,"featured_media":12256,"comment_status":"closed","ping_status":"closed","sticky":false,"template":"","format":"standard","meta":{"footnotes":""},"categories":[1],"tags":[],"class_list":["post-19963","post","type-post","status-publish","format-standard","has-post-thumbnail","hentry","category-cronica"],"_links":{"self":[{"href":"https:\/\/www.radiopresidenteibanez.cl\/web\/wp-json\/wp\/v2\/posts\/19963","targetHints":{"allow":["GET"]}}],"collection":[{"href":"https:\/\/www.radiopresidenteibanez.cl\/web\/wp-json\/wp\/v2\/posts"}],"about":[{"href":"https:\/\/www.radiopresidenteibanez.cl\/web\/wp-json\/wp\/v2\/types\/post"}],"author":[{"embeddable":true,"href":"https:\/\/www.radiopresidenteibanez.cl\/web\/wp-json\/wp\/v2\/users\/2"}],"replies":[{"embeddable":true,"href":"https:\/\/www.radiopresidenteibanez.cl\/web\/wp-json\/wp\/v2\/comments?post=19963"}],"version-history":[{"count":0,"href":"https:\/\/www.radiopresidenteibanez.cl\/web\/wp-json\/wp\/v2\/posts\/19963\/revisions"}],"wp:featuredmedia":[{"embeddable":true,"href":"https:\/\/www.radiopresidenteibanez.cl\/web\/wp-json\/wp\/v2\/media\/12256"}],"wp:attachment":[{"href":"https:\/\/www.radiopresidenteibanez.cl\/web\/wp-json\/wp\/v2\/media?parent=19963"}],"wp:term":[{"taxonomy":"category","embeddable":true,"href":"https:\/\/www.radiopresidenteibanez.cl\/web\/wp-json\/wp\/v2\/categories?post=19963"},{"taxonomy":"post_tag","embeddable":true,"href":"https:\/\/www.radiopresidenteibanez.cl\/web\/wp-json\/wp\/v2\/tags?post=19963"}],"curies":[{"name":"wp","href":"https:\/\/api.w.org\/{rel}","templated":true}]}}